{"id":3014,"date":"2024-05-13T08:12:01","date_gmt":"2024-05-13T12:12:01","guid":{"rendered":"https:\/\/ambsantodomingo.esteri.it\/?p=3014"},"modified":"2024-05-13T08:12:01","modified_gmt":"2024-05-13T12:12:01","slug":"uasd-ospita-la-conferenza-sul-made-in-italy-dello-spazio","status":"publish","type":"post","link":"https:\/\/ambsantodomingo.esteri.it\/it\/news\/dall_ambasciata\/2024\/05\/uasd-ospita-la-conferenza-sul-made-in-italy-dello-spazio\/","title":{"rendered":"UASD ospita la conferenza sul Made In Italy dello Spazio."},"content":{"rendered":"<p><strong>Articolo e Foto: El Universitario (UASD).<\/strong><\/p>\n<p>L&#8217;Universit\u00e0 Autonoma di Santo Domingo (UASD), attraverso la Facolt\u00e0 di Scienze (FC), ha ospitato la conferenza &#8220;Made In Italy dello Spazio&#8221;, a cura di Marco Lisi, consulente e membro dell&#8217;Agenzia Spaziale Italiana (ASI).<\/p>\n<p>La giornata accademica, che si \u00e8 svolta nel salone del consiglio direttivo della Facolt\u00e0 di Scienze, \u00e8 stata inoltre coordinata dall&#8217;ambasciata d&#8217;Italia nella Repubblica Dominicana, dalla vicecorrezione di ricerca e post-laurea e dalla direzione generale per la cooperazione e le relazioni nazionali e internazionali; e la stessa \u00e8 stata guidata dal decano della Facolt\u00e0 di Scienze, maestro Jos\u00e9 Ferreira Cappellano.<\/p>\n<p>Prendendo la parola sul posto, il vicerettore di Ricerca e Post-laurea, maestro Radham\u00e9s Silverio, ha sostenuto che l&#8217;obiettivo di questa attivit\u00e0 \u00e8 rafforzare lo scambio con altri istituti di istruzione superiore e con istanze come l&#8217;ambasciata d&#8217;Italia, per continuare a promuovere la ricerca, l&#8217;insegnamento e allo stesso tempo sfruttare i punti di forza di altri paesi in questi settori, sia in termini di infrastrutture che di risorse umane.<\/p>\n<p>Ha fatto riferimento a quanto sia interessante e importante conoscere tutto ci\u00f2 che riguarda lo spazio in materia di telecomunicazioni e immagini satellitari, e quindi stabilire meccanismi di collaborazione e cooperazione.<\/p>\n<p>Mentre il decano della Facolt\u00e0 di Scienze, maestro Jos\u00e9 Ferreira Cappellano, che come ospite di questa attivit\u00e0 ha pronunciato parole di ringraziamento per tutti i partecipanti, al momento di manifestare la sua gioia con l&#8217;ambasciata d&#8217;Italia, e con tutte le persone coinvolte in tale evento accademico.<\/p>\n<p>Ferreira Capell\u00e1n ha sottolineato che l&#8217;installazione di un satellite nel paese \u00e8 un grande sogno, e che in questo modo si compirebbe un grande passo avanti, pur affermando che \u00e8 possibile farlo contando su iniziative, sforzi e volont\u00e0.<\/p>\n<p>Da parte sua il direttore generale per la Cooperazione e le Relazioni Nazionali e Internazionali, dottor Antonio Medina Calca\u00f1o, ha ringraziato il vicecapo della Missione dell&#8217;Ambasciata d&#8217;Italia per la sua collaborazione come collegamento per realizzare questo incontro, come pure Marco Lisi, dell&#8217;ASI, per questa brillante esposizione.<\/p>\n<p>Medina ha sottolineato che \u00e8 necessario fare degli sforzi affinch\u00e9 i progetti si concretizzino efficacemente, lasciando da parte la burocrazia.<\/p>\n<p><strong>Sulla conferenza<\/strong><\/p>\n<p>Il dottor Marco Lisi dell&#8217;ASI, nell&#8217;ambito della sua Conferenza &#8220;Made in Italy dello Spazio&#8221;, ha sottolineato l&#8217;importanza del concetto, sia nel campo tecnologico che in quello delle applicazioni spaziali.<\/p>\n<p>Ha indicato che questo concetto \u00e8 un orgoglio nazionale e un fattore di crescita economica per l&#8217;Italia ed \u00e8 anche un&#8217;opportunit\u00e0 per cooperare con paesi amici che coincidono nella storia e nella cultura.<\/p>\n<p>Il dottore e l&#8217;ingegnere hanno sostenuto che attraverso la conferenza che ha tenuto si vuole stabilire un approccio di cooperazione maggiore e di redditivit\u00e0 nel settore spaziale tra Repubblica Dominicana e Italia.<\/p>\n<p>L&#8217;espositore ha sottolineato l&#8217;importanza del Made In Italy dello Spazio, come l&#8217;aumento del fatturato annuo dell&#8217;industria spaziale italiana nel 2023, stimato a 2,3 miliardi di euro. Ha aggiunto che l&#8217;aumento \u00e8 del 9,2% in pi\u00f9 rispetto al 2022.<\/p>\n<p>Lisi, ha assicurato che il settore spaziale italiano crea posti di lavoro a circa 6 mila persone e in rapporto al PIL destina lo 0,1% all&#8217;economia spaziale; collocando questo paese al quinto posto nel mondo in questa industria, dopo gli Stati Uniti con lo 0,29%, Russia 0.15%, Francia 0.12% e Giappone 0.11%<\/p>\n<p>Tra gli altri valori che promuove sul Made In Italy dello Spazio ha sottolineato che l&#8217;Agenzia Spaziale Italiana (ASI) promuove la ricerca e lo sviluppo spaziale in Italia, rappresenta anche questo paese nelle principali organizzazioni spaziali internazionali.<\/p>\n<p>Ha invitato la Repubblica Dominicana a inserirsi in tali progetti attraverso l&#8217;accademia statale per unire gli sforzi e dinamizzare questa idea con le caratteristiche comuni del popolo dominicano e italiano: Tradizione, Creativit\u00e0, Innovazione, Bellezza e Amore.<\/p>\n<p>Oltre a questi, hanno partecipato al l&#8217;incontro il vicedecano della FC, Franklin Suza\u00f1a; l&#8217;ex vicerettore di Extension, Rafael Nino F\u00e9liz; C\u00e9sar D\u00edaz, direttore delle ricerche; direttori delle scuole, nonch\u00e9 una rappresentanza del consiglio della Facolt\u00e0 di scienze; Rodolfo Colaci, Vice Capo della Missione Ambasciata d&#8217;Italia nel Paese, studenti dell&#8217;Istituto Salesiano Don Bosco, tra gli altri.<\/p>\n","protected":false},"excerpt":{"rendered":"Articolo e Foto: El Universitario (UASD). L&#8217;Universit\u00e0 Autonoma di Santo Domingo (UASD), attraverso la Facolt\u00e0 di Scienze (FC), ha ospitato la conferenza &#8220;Made In Italy dello Spazio&#8221;, a cura di Marco Lisi, consulente e membro dell&#8217;Agenzia Spaziale Italiana (ASI). La giornata accademica, che si \u00e8 svolta nel salone del consiglio direttivo della Facolt\u00e0 di Scienze, [&hellip;]","protected":false},"author":4,"featured_media":3016,"comment_status":"closed","ping_status":"closed","sticky":false,"template":"","format":"standard","meta":{"footnotes":""},"tags":[],"class_list":["post-3014","post","type-post","status-publish","format-standard","has-post-thumbnail","hentry"],"_links":{"self":[{"href":"https:\/\/ambsantodomingo.esteri.it\/it\/wp-json\/wp\/v2\/posts\/3014","targetHints":{"allow":["GET"]}}],"collection":[{"href":"https:\/\/ambsantodomingo.esteri.it\/it\/wp-json\/wp\/v2\/posts"}],"about":[{"href":"https:\/\/ambsantodomingo.esteri.it\/it\/wp-json\/wp\/v2\/types\/post"}],"author":[{"embeddable":true,"href":"https:\/\/ambsantodomingo.esteri.it\/it\/wp-json\/wp\/v2\/users\/4"}],"replies":[{"embeddable":true,"href":"https:\/\/ambsantodomingo.esteri.it\/it\/wp-json\/wp\/v2\/comments?post=3014"}],"version-history":[{"count":1,"href":"https:\/\/ambsantodomingo.esteri.it\/it\/wp-json\/wp\/v2\/posts\/3014\/revisions"}],"predecessor-version":[{"id":3019,"href":"https:\/\/ambsantodomingo.esteri.it\/it\/wp-json\/wp\/v2\/posts\/3014\/revisions\/3019"}],"wp:featuredmedia":[{"embeddable":true,"href":"https:\/\/ambsantodomingo.esteri.it\/it\/wp-json\/wp\/v2\/media\/3016"}],"wp:attachment":[{"href":"https:\/\/ambsantodomingo.esteri.it\/it\/wp-json\/wp\/v2\/media?parent=3014"}],"wp:term":[{"taxonomy":"post_tag","embeddable":true,"href":"https:\/\/ambsantodomingo.esteri.it\/it\/wp-json\/wp\/v2\/tags?post=3014"}],"curies":[{"name":"wp","href":"https:\/\/api.w.org\/{rel}","templated":true}]}}