{"id":3033,"date":"2024-05-17T15:16:19","date_gmt":"2024-05-17T19:16:19","guid":{"rendered":"https:\/\/ambsantodomingo.esteri.it\/?p=3033"},"modified":"2024-05-17T16:16:43","modified_gmt":"2024-05-17T20:16:43","slug":"fragata-raimondo-montecuccoli-della-marina-militare-italiana-fara-scalo-a-santo-domingo","status":"publish","type":"post","link":"https:\/\/ambsantodomingo.esteri.it\/it\/news\/dall_ambasciata\/2024\/05\/fragata-raimondo-montecuccoli-della-marina-militare-italiana-fara-scalo-a-santo-domingo\/","title":{"rendered":"La Fregata Raimondo Montecuccoli, della marina militare italiana, far\u00e0 scalo a Santo Domingo"},"content":{"rendered":"<p><span class=\"ng-star-inserted\" data-index=\"0\"><strong>Articolo e foto: Listin Diario.<\/strong><\/span><\/p>\n<p><span class=\"ng-star-inserted\" data-index=\"1\">Il pattugliatore d&#8217;altura polivalente della Marina italiana Montecuccoli far\u00e0 scalo nel porto di Santo Domingo dal 21 al 24 maggio e sar\u00e0 ormeggiato a Punta Torrecilla. <\/span><span class=\"ng-star-inserted\" data-index=\"2\">L&#8217;unit\u00e0 \u00e8 impegnata in una campagna operativa intorno al globo, quasi 70 anni dopo il giro del mondo dello storico incrociatore Montecuccoli, a suo tempo Nave Scuola dell&#8217;Accademia Navale per la campagna studentesca del 1956 e 1957. <\/span><span class=\"ng-star-inserted hovered\" data-index=\"3\">Lo scalo nel porto sar\u00e0 anche un&#8217;ottima opportunit\u00e0 per la popolazione locale di visitare la nave e scoprire le sue peculiarit\u00e0 tecnologiche e le eccellenze nazionali, attraverso brevi visite guidate dall&#8217;equipaggio.<\/span><\/p>\n<p><span class=\"ng-star-inserted\" data-index=\"4\"><strong>Nave Montecuccoli sar\u00e0 aperta al pubblico il 22 e 23 maggio nei seguenti orari:<\/strong><\/span><\/p>\n<p><span class=\"ng-star-inserted\" data-index=\"5\"><strong>22 maggio<\/strong>:\u00a0 dalle 10.00 alle 12.00 \/ dalle 15.00 alle 18.00. (10.00 a.m. a 12.00 pm \/ 3.00pm a 6.00 pm)<\/span><\/p>\n<p><span class=\"ng-star-inserted\" data-index=\"6\"><strong>23 maggio<\/strong>: dalle 10.00 alle 12.00.<\/span><\/p>\n<p><span class=\"ng-star-inserted\" data-index=\"7\">La Raimondo Montecuccoli \u00e8 la terza dei sette Pattugliatori Polivalenti d&#8217;Altura (la prima in versione Light Plus) che fanno parte del piano di rinnovamento delle linee operative delle unit\u00e0 navali della Marina, deciso dal Governo e dal Parlamento e avviato nel maggio 2015 sotto l&#8217;egida dell&#8217;OCCAR (Organizzazione comune per la cooperazione in materia di armi).<\/span><\/p>\n<p><span class=\"ng-star-inserted\" data-index=\"8\">Si tratta di una nave altamente flessibile dal punto di vista operativo, progettata per svolgere una serie di compiti puramente militari, quali il pattugliamento, il trasporto logistico e il combattimento, ma anche di protezione civile e ambientale grazie alle sue capacit\u00e0 intrinseche duali, messe in evidenza dalle peculiari disposizioni di bordo. <\/span><span class=\"ng-star-inserted\" data-index=\"9\">Le due zone modulari di poppa consentono infatti di imbarcare container adatti alle diverse esigenze della missione, come container logistici e medici, e allo stesso tempo permettono di imbarcare Forze Speciali o un comando complesso.<\/span><\/p>\n<p>Costruita interamente in Italia, nei cantieri navali di Riva Trigoso e Muggiano (SP) di Fincantieri, la Nave si distingue per la sua doppia prua sflansata, che evoca il rostro delle antiche navi romane: una soluzione che consente all&#8217;unit\u00e0 di ridurre la formazione ondosa e i consumi di carburante, aumentandone cos\u00ec l\u2019idrodinamica e la velocit\u00e0 massima..<\/p>\n<p>Altri due elementi tecnologici iconici e futuristici sono il Naval Cockpit e il cambio multi-clutch. Il primo consente la conduzione della nave e le operazioni aeronavali da una stazione integrata gestita da soli due operatori.<\/p>\n<p>Il secondo consente un ampio vantaggio di possibili disposizioni di propulsione adattabili alla situazione tattica, da quelle che garantiscono una notevole estensione dell&#8217;autonomia a quelle in grado di raggiungere le massime prestazioni in termini di reazione e velocit\u00e0 (32 nodi).<\/p>\n<p>Le nuove tecnologie implementate ne fanno uno strumento di ingegneria di altissimo livello, che ben sintetizza il processo di ricerca e sviluppo e le capacit\u00e0 produttive del genio italiano. L&#8217;indicativo internazionale \u00e8 IABP.<\/p>\n","protected":false},"excerpt":{"rendered":"Articolo e foto: Listin Diario. Il pattugliatore d&#8217;altura polivalente della Marina italiana Montecuccoli far\u00e0 scalo nel porto di Santo Domingo dal 21 al 24 maggio e sar\u00e0 ormeggiato a Punta Torrecilla. L&#8217;unit\u00e0 \u00e8 impegnata in una campagna operativa intorno al globo, quasi 70 anni dopo il giro del mondo dello storico incrociatore Montecuccoli, a suo [&hellip;]","protected":false},"author":4,"featured_media":3036,"comment_status":"closed","ping_status":"closed","sticky":false,"template":"","format":"standard","meta":{"footnotes":""},"tags":[],"class_list":["post-3033","post","type-post","status-publish","format-standard","has-post-thumbnail","hentry"],"_links":{"self":[{"href":"https:\/\/ambsantodomingo.esteri.it\/it\/wp-json\/wp\/v2\/posts\/3033","targetHints":{"allow":["GET"]}}],"collection":[{"href":"https:\/\/ambsantodomingo.esteri.it\/it\/wp-json\/wp\/v2\/posts"}],"about":[{"href":"https:\/\/ambsantodomingo.esteri.it\/it\/wp-json\/wp\/v2\/types\/post"}],"author":[{"embeddable":true,"href":"https:\/\/ambsantodomingo.esteri.it\/it\/wp-json\/wp\/v2\/users\/4"}],"replies":[{"embeddable":true,"href":"https:\/\/ambsantodomingo.esteri.it\/it\/wp-json\/wp\/v2\/comments?post=3033"}],"version-history":[{"count":4,"href":"https:\/\/ambsantodomingo.esteri.it\/it\/wp-json\/wp\/v2\/posts\/3033\/revisions"}],"predecessor-version":[{"id":3044,"href":"https:\/\/ambsantodomingo.esteri.it\/it\/wp-json\/wp\/v2\/posts\/3033\/revisions\/3044"}],"wp:featuredmedia":[{"embeddable":true,"href":"https:\/\/ambsantodomingo.esteri.it\/it\/wp-json\/wp\/v2\/media\/3036"}],"wp:attachment":[{"href":"https:\/\/ambsantodomingo.esteri.it\/it\/wp-json\/wp\/v2\/media?parent=3033"}],"wp:term":[{"taxonomy":"post_tag","embeddable":true,"href":"https:\/\/ambsantodomingo.esteri.it\/it\/wp-json\/wp\/v2\/tags?post=3033"}],"curies":[{"name":"wp","href":"https:\/\/api.w.org\/{rel}","templated":true}]}}