{"id":3082,"date":"2024-05-27T08:08:09","date_gmt":"2024-05-27T12:08:09","guid":{"rendered":"https:\/\/ambsantodomingo.esteri.it\/?p=3082"},"modified":"2024-05-27T08:08:09","modified_gmt":"2024-05-27T12:08:09","slug":"il-pattugliatore-montecuccoli-lascia-santo-domingo-per-panama","status":"publish","type":"post","link":"https:\/\/ambsantodomingo.esteri.it\/it\/news\/dall_ambasciata\/2024\/05\/il-pattugliatore-montecuccoli-lascia-santo-domingo-per-panama\/","title":{"rendered":"Il pattugliatore Montecuccoli lascia Santo Domingo per Panama"},"content":{"rendered":"<p>Articolo e Foto: <strong>ANSA<\/strong>.<\/p>\n<p>Il pattugliatore polivalente d&#8217;altura Raimondo Montecuccoli della Marina Militare Italiana ha lasciato oggi il molo di Sans Souci, Santo Domingo, diretto verso Panama nel quadro della campagna di navigazione attorno al mondo che ripercorre il viaggio del celebre incrociatore Montecuccoli, che nel 1956-1957 fungeva da Nave Scuola dell&#8217;Accademia Navale. Arrivato a Santo Domingo il 21 maggio da Miami, il Montecuccoli \u00e8 stato accolto con una cerimonia di benvenuto dalle autorit\u00e0 dominicane.<\/p>\n<p>Alla presenza dell&#8217;Ambasciatore Stefano Queirolo Palmas, il comandante, Capitano di Fregata Alessandro Tro\u00eca, \u00e8 stato ricevuto dal comandante generale della Armada Dominicana, Viceammiraglio Agust\u00edn Morillo Rodr\u00edguez. Il Montecuccoli ha sostato per tre giorni, durante i quali ha realizzato varie attivit\u00e0 di promozione rivolte alle autorit\u00e0 locali e alla popolazione civile.<\/p>\n<p id=\"ob\">La nave \u00e8 stata aperta al pubblico il 22 e 23 maggio, consentendo a centinaia di visitatori di esplorare le sue tecnologie avanzate e le eccellenze italiane attraverso visite guidate dall&#8217;equipaggio. La sera del 23 maggio si \u00e8 tenuto un ricevimento a bordo del Montecuccoli a cui hanno partecipato circa 100 ospiti tra autorit\u00e0 locali, esponenti della collettivit\u00e0 italiana e corpo diplomatico accreditato.<\/p>\n<p>Nel corso dell&#8217;evento, l&#8217;ambasciatore Queirolo Palmas ha sottolineato il valore della &#8220;naval diplomacy&#8221; italiana, &#8220;non solo un grande sforzo organizzativo e di proiezione internazionale del Paese, ma anche esempio di avanguardia tecnologica e di una non comune tradizione manifatturiera&#8221;. Il massimo rappresentante diplomatico italiano in Dominicana ha quindi evidenziato il successo commerciale della produzione navale italiana, gi\u00e0 commissionata da molti Paesi, inclusi Stati Uniti, Indonesia, Qatar, Egitto ed Emirati Arabi Uniti e ha ricordato il contributo della diaspora dominicana alla costruzione del pattugliatore.<\/p>\n<p>Una parte rilevante di questa comunit\u00e0, insediata in Italia, lavora infatti nella cantieristica ligure, in particolare a La Spezia, proprio dove si trovano i siti produttivi che hanno realizzato il Montecuccoli.<\/p>\n","protected":false},"excerpt":{"rendered":"Articolo e Foto: ANSA. Il pattugliatore polivalente d&#8217;altura Raimondo Montecuccoli della Marina Militare Italiana ha lasciato oggi il molo di Sans Souci, Santo Domingo, diretto verso Panama nel quadro della campagna di navigazione attorno al mondo che ripercorre il viaggio del celebre incrociatore Montecuccoli, che nel 1956-1957 fungeva da Nave Scuola dell&#8217;Accademia Navale. Arrivato a [&hellip;]","protected":false},"author":4,"featured_media":3085,"comment_status":"closed","ping_status":"closed","sticky":false,"template":"","format":"standard","meta":{"footnotes":""},"tags":[],"class_list":["post-3082","post","type-post","status-publish","format-standard","has-post-thumbnail","hentry"],"_links":{"self":[{"href":"https:\/\/ambsantodomingo.esteri.it\/it\/wp-json\/wp\/v2\/posts\/3082","targetHints":{"allow":["GET"]}}],"collection":[{"href":"https:\/\/ambsantodomingo.esteri.it\/it\/wp-json\/wp\/v2\/posts"}],"about":[{"href":"https:\/\/ambsantodomingo.esteri.it\/it\/wp-json\/wp\/v2\/types\/post"}],"author":[{"embeddable":true,"href":"https:\/\/ambsantodomingo.esteri.it\/it\/wp-json\/wp\/v2\/users\/4"}],"replies":[{"embeddable":true,"href":"https:\/\/ambsantodomingo.esteri.it\/it\/wp-json\/wp\/v2\/comments?post=3082"}],"version-history":[{"count":1,"href":"https:\/\/ambsantodomingo.esteri.it\/it\/wp-json\/wp\/v2\/posts\/3082\/revisions"}],"predecessor-version":[{"id":3087,"href":"https:\/\/ambsantodomingo.esteri.it\/it\/wp-json\/wp\/v2\/posts\/3082\/revisions\/3087"}],"wp:featuredmedia":[{"embeddable":true,"href":"https:\/\/ambsantodomingo.esteri.it\/it\/wp-json\/wp\/v2\/media\/3085"}],"wp:attachment":[{"href":"https:\/\/ambsantodomingo.esteri.it\/it\/wp-json\/wp\/v2\/media?parent=3082"}],"wp:term":[{"taxonomy":"post_tag","embeddable":true,"href":"https:\/\/ambsantodomingo.esteri.it\/it\/wp-json\/wp\/v2\/tags?post=3082"}],"curies":[{"name":"wp","href":"https:\/\/api.w.org\/{rel}","templated":true}]}}