{"id":3191,"date":"2024-06-17T08:34:36","date_gmt":"2024-06-17T12:34:36","guid":{"rendered":"https:\/\/ambsantodomingo.esteri.it\/?p=3191"},"modified":"2024-06-17T08:34:36","modified_gmt":"2024-06-17T12:34:36","slug":"g7-italia","status":"publish","type":"post","link":"https:\/\/ambsantodomingo.esteri.it\/it\/news\/dall_ambasciata\/2024\/06\/g7-italia\/","title":{"rendered":"G7 ITALIA"},"content":{"rendered":"<p>L&#8217;Italia ha ospitato per 3 giorni, in Puglia, in qualit\u00e0 di Presidenza annuale, il vertice G7 dei maggiori Paesi industrializzati, dove si \u00e8 discusso, insieme alle principali sfide per la comunit\u00e0 internazionale, di rispetto dei valori della Carta delle Nazioni Unite e di ulteriori misure contro la Russia per l&#8217;aggressione all&#8217;Ucraina.<br \/>\nDi seguito il comunicato finale:<\/p>\n<p><a href=\"https:\/\/ambsantodomingo.esteri.it\/wp-content\/uploads\/2024\/06\/Apulia-G7-Leaders-Communique-2-1.pdf\">Apulia-G7-Leaders-Communique (2)<\/a><\/p>\n","protected":false},"excerpt":{"rendered":"L&#8217;Italia ha ospitato per 3 giorni, in Puglia, in qualit\u00e0 di Presidenza annuale, il vertice G7 dei maggiori Paesi industrializzati, dove si \u00e8 discusso, insieme alle principali sfide per la comunit\u00e0 internazionale, di rispetto dei valori della Carta delle Nazioni Unite e di ulteriori misure contro la Russia per l&#8217;aggressione all&#8217;Ucraina. Di seguito il comunicato [&hellip;]","protected":false},"author":4,"featured_media":3196,"comment_status":"closed","ping_status":"closed","sticky":false,"template":"","format":"standard","meta":{"footnotes":""},"tags":[],"class_list":["post-3191","post","type-post","status-publish","format-standard","has-post-thumbnail","hentry"],"_links":{"self":[{"href":"https:\/\/ambsantodomingo.esteri.it\/it\/wp-json\/wp\/v2\/posts\/3191","targetHints":{"allow":["GET"]}}],"collection":[{"href":"https:\/\/ambsantodomingo.esteri.it\/it\/wp-json\/wp\/v2\/posts"}],"about":[{"href":"https:\/\/ambsantodomingo.esteri.it\/it\/wp-json\/wp\/v2\/types\/post"}],"author":[{"embeddable":true,"href":"https:\/\/ambsantodomingo.esteri.it\/it\/wp-json\/wp\/v2\/users\/4"}],"replies":[{"embeddable":true,"href":"https:\/\/ambsantodomingo.esteri.it\/it\/wp-json\/wp\/v2\/comments?post=3191"}],"version-history":[{"count":1,"href":"https:\/\/ambsantodomingo.esteri.it\/it\/wp-json\/wp\/v2\/posts\/3191\/revisions"}],"predecessor-version":[{"id":3200,"href":"https:\/\/ambsantodomingo.esteri.it\/it\/wp-json\/wp\/v2\/posts\/3191\/revisions\/3200"}],"wp:featuredmedia":[{"embeddable":true,"href":"https:\/\/ambsantodomingo.esteri.it\/it\/wp-json\/wp\/v2\/media\/3196"}],"wp:attachment":[{"href":"https:\/\/ambsantodomingo.esteri.it\/it\/wp-json\/wp\/v2\/media?parent=3191"}],"wp:term":[{"taxonomy":"post_tag","embeddable":true,"href":"https:\/\/ambsantodomingo.esteri.it\/it\/wp-json\/wp\/v2\/tags?post=3191"}],"curies":[{"name":"wp","href":"https:\/\/api.w.org\/{rel}","templated":true}]}}