{"id":3402,"date":"2024-07-26T08:22:34","date_gmt":"2024-07-26T12:22:34","guid":{"rendered":"https:\/\/ambsantodomingo.esteri.it\/?p=3402"},"modified":"2024-07-26T08:22:34","modified_gmt":"2024-07-26T12:22:34","slug":"luna-ok-al-progetto-italiano-per-il-modulo-destinato-alla-base","status":"publish","type":"post","link":"https:\/\/ambsantodomingo.esteri.it\/it\/news\/dall_ambasciata\/2024\/07\/luna-ok-al-progetto-italiano-per-il-modulo-destinato-alla-base\/","title":{"rendered":"Luna, ok al progetto italiano per il modulo destinato alla base"},"content":{"rendered":"<p><strong>Articolo: ANSA.\u00a0<\/strong><\/p>\n<p><strong>Foto: ANSA.\u00a0<\/strong><\/p>\n<p>Ok al progetto italiano per la realizzazione del modulo abitativo destinato alla futura base lunare previste nell&#8217;ambito del programma Artemis. Lo rende noto l&#8217;Agenzia Spaziale Italiana, che ha ottenuto dalla Nasa il primo via libera per la definizione della fase di realizzazione del modulo lunare Mph. La risposta definitiva da parte dell&#8217;agenzia spaziale degli Stati Uniti \u00e8 prevista in settembre. Il risultato appena ottenuto, sotto la supervisione di esperti della Nasa, \u00e8 il passo fondamentale per sostenere l&#8217;esame finale previsto il prossimo settembre a Washington davanti ai responsabili della Nasa per il programma Artemis e della &#8216;Moon to Mars Strategy&#8217;.<\/p>\n<p>Sar\u00e0 allora che si decider\u00e0 se la &#8216;casa&#8217; italiana sulla Luna entrer\u00e0 o meno a far parte del futuro programma per il ritorno alla Luna. Allo studio nell&#8217;ambito della collaborazione bilaterale fra Asi e Nasa sul programma Artemis, il modulo abitativo Mph (Multi Purpose Habitation module) \u00e8 un progetto a guida italiana coordinato dall&#8217;Asi e sviluppato da Thales Alenia Space (Thales-Leonardo) nei laboratori di Torino; \u00e8 previsto il contributo di Altec, cui saranno affidate le operazioni di controllo da Terra quando il modulo sar\u00e0 operativo sulla Luna. &#8216;Il superamento di questa fase conferma, ancora una volta, la lungimiranza degli investimenti fatti negli anni che hanno permesso al sistema Paese di acquisire competenze esclusive nella realizzazione di moduli abitativi: un vero primato mondiale&#8221;, osserva il presidente dell&#8217;Asi Teodoro Valente. &#8220;Questo ulteriore riconoscimento della Nasa &#8211; aggiunge &#8211; apre la possibilit\u00e0 di essere tra i protagonisti nell&#8217;insediamento umano della Luna. L&#8217;industria, la ricerca e l&#8217;accademia sono capaci di affrontare e dare risposte tecnologicamente all&#8217;avanguardia nel solco del Made in Italy dello spazio. Il coordinamento e la sinergia messa in campo da tutti gli attori sono oggi stati premiati dal primo via libera della Nasa, di cui siamo partner essenziali per lo sviluppo di sistemi complessi per l&#8217;esplorazione umana dello spazio&#8221;<\/p>\n","protected":false},"excerpt":{"rendered":"Articolo: ANSA.\u00a0 Foto: ANSA.\u00a0 Ok al progetto italiano per la realizzazione del modulo abitativo destinato alla futura base lunare previste nell&#8217;ambito del programma Artemis. Lo rende noto l&#8217;Agenzia Spaziale Italiana, che ha ottenuto dalla Nasa il primo via libera per la definizione della fase di realizzazione del modulo lunare Mph. La risposta definitiva da parte [&hellip;]","protected":false},"author":4,"featured_media":3404,"comment_status":"closed","ping_status":"closed","sticky":false,"template":"","format":"standard","meta":{"footnotes":""},"tags":[],"class_list":["post-3402","post","type-post","status-publish","format-standard","has-post-thumbnail","hentry"],"_links":{"self":[{"href":"https:\/\/ambsantodomingo.esteri.it\/it\/wp-json\/wp\/v2\/posts\/3402","targetHints":{"allow":["GET"]}}],"collection":[{"href":"https:\/\/ambsantodomingo.esteri.it\/it\/wp-json\/wp\/v2\/posts"}],"about":[{"href":"https:\/\/ambsantodomingo.esteri.it\/it\/wp-json\/wp\/v2\/types\/post"}],"author":[{"embeddable":true,"href":"https:\/\/ambsantodomingo.esteri.it\/it\/wp-json\/wp\/v2\/users\/4"}],"replies":[{"embeddable":true,"href":"https:\/\/ambsantodomingo.esteri.it\/it\/wp-json\/wp\/v2\/comments?post=3402"}],"version-history":[{"count":1,"href":"https:\/\/ambsantodomingo.esteri.it\/it\/wp-json\/wp\/v2\/posts\/3402\/revisions"}],"predecessor-version":[{"id":3407,"href":"https:\/\/ambsantodomingo.esteri.it\/it\/wp-json\/wp\/v2\/posts\/3402\/revisions\/3407"}],"wp:featuredmedia":[{"embeddable":true,"href":"https:\/\/ambsantodomingo.esteri.it\/it\/wp-json\/wp\/v2\/media\/3404"}],"wp:attachment":[{"href":"https:\/\/ambsantodomingo.esteri.it\/it\/wp-json\/wp\/v2\/media?parent=3402"}],"wp:term":[{"taxonomy":"post_tag","embeddable":true,"href":"https:\/\/ambsantodomingo.esteri.it\/it\/wp-json\/wp\/v2\/tags?post=3402"}],"curies":[{"name":"wp","href":"https:\/\/api.w.org\/{rel}","templated":true}]}}