{"id":3517,"date":"2024-09-09T08:11:18","date_gmt":"2024-09-09T12:11:18","guid":{"rendered":"https:\/\/ambsantodomingo.esteri.it\/?p=3517"},"modified":"2024-09-09T08:11:18","modified_gmt":"2024-09-09T12:11:18","slug":"sinner-batte-fritz-e-vince-gli-us-open-secondo-titolo-slam-per-lazzurro","status":"publish","type":"post","link":"https:\/\/ambsantodomingo.esteri.it\/it\/news\/dall_ambasciata\/2024\/09\/sinner-batte-fritz-e-vince-gli-us-open-secondo-titolo-slam-per-lazzurro\/","title":{"rendered":"Sinner batte Fritz e vince gli US Open: secondo titolo Slam per l\u2019azzurro"},"content":{"rendered":"<p>Articolo: <a href=\"https:\/\/www.coni.it\/it\/news\/sinner-batte-fritz-e-vince-gli-us-open-secondo-titolo-slam-per-azzurro.html\">Sinner batte Fritz e vince gli US Open: secondo titolo Slam per l\u2019azzurro (coni.it)<\/a><\/p>\n<p>Foto: <a href=\"https:\/\/www.coni.it\/it\/news\/sinner-batte-fritz-e-vince-gli-us-open-secondo-titolo-slam-per-azzurro.html\">Sinner batte Fritz e vince gli US Open: secondo titolo Slam per l\u2019azzurro (coni.it)<\/a><\/p>\n<p>Il pi\u00f9 forte di tutti.\u00a0Jannik Sinner\u00a0completa due settimane da sogno, si impone in finale su Taylor Fritz con il punteggio di 6-3 6-4 7-5 in 2 ore e 15 minuti di gioco e\u00a0vince gli US Open.<\/p>\n<p>Pi\u00f9 cinico, pi\u00f9 dinamico, pi\u00f9 costante il tennista azzurro rispetto al padrone di casa statunitense, che prova in tutti i modi ad arginare l\u2019efficacia dei colpi del numero 1 del mondo ma non pu\u00f2 nulla. Il ventitreenne altoatesino <strong>(<em>foto ANSA<\/em>)<\/strong> si conferma solido al servizio e ordinato in risposta, sfrutta bene le variazioni e non lascia spazio alla violenza dell\u2019americano, a cui non resta che applaudire.<\/p>\n<p>Sinner, vincitore degli Australian Open a inizio stagione, diventa il primo italiano a trionfare a Flushing Meadows e a conquistare due titoli Slam in un anno. Jannik \u00e8 anche il pi\u00f9 giovane giocatore della storia ad incidere il proprio nome negli albi d\u2019oro di Melbourne e New York nella stessa stagione, impresa riuscita da pi\u00f9 grandi solo a Mats Wilander, Roger Federer e Novak Djokovic. Con questo successo, il secondo per lui anche in carriera a livello Major, il nostro portacolori consolida inoltre la leadership nel ranking mondiale agguantata lo scorso giugno.<\/p>\n","protected":false},"excerpt":{"rendered":"Articolo: Sinner batte Fritz e vince gli US Open: secondo titolo Slam per l\u2019azzurro (coni.it) Foto: Sinner batte Fritz e vince gli US Open: secondo titolo Slam per l\u2019azzurro (coni.it) Il pi\u00f9 forte di tutti.\u00a0Jannik Sinner\u00a0completa due settimane da sogno, si impone in finale su Taylor Fritz con il punteggio di 6-3 6-4 7-5 in [&hellip;]","protected":false},"author":4,"featured_media":3519,"comment_status":"closed","ping_status":"closed","sticky":false,"template":"","format":"standard","meta":{"footnotes":""},"tags":[],"class_list":["post-3517","post","type-post","status-publish","format-standard","has-post-thumbnail","hentry"],"_links":{"self":[{"href":"https:\/\/ambsantodomingo.esteri.it\/it\/wp-json\/wp\/v2\/posts\/3517","targetHints":{"allow":["GET"]}}],"collection":[{"href":"https:\/\/ambsantodomingo.esteri.it\/it\/wp-json\/wp\/v2\/posts"}],"about":[{"href":"https:\/\/ambsantodomingo.esteri.it\/it\/wp-json\/wp\/v2\/types\/post"}],"author":[{"embeddable":true,"href":"https:\/\/ambsantodomingo.esteri.it\/it\/wp-json\/wp\/v2\/users\/4"}],"replies":[{"embeddable":true,"href":"https:\/\/ambsantodomingo.esteri.it\/it\/wp-json\/wp\/v2\/comments?post=3517"}],"version-history":[{"count":1,"href":"https:\/\/ambsantodomingo.esteri.it\/it\/wp-json\/wp\/v2\/posts\/3517\/revisions"}],"predecessor-version":[{"id":3523,"href":"https:\/\/ambsantodomingo.esteri.it\/it\/wp-json\/wp\/v2\/posts\/3517\/revisions\/3523"}],"wp:featuredmedia":[{"embeddable":true,"href":"https:\/\/ambsantodomingo.esteri.it\/it\/wp-json\/wp\/v2\/media\/3519"}],"wp:attachment":[{"href":"https:\/\/ambsantodomingo.esteri.it\/it\/wp-json\/wp\/v2\/media?parent=3517"}],"wp:term":[{"taxonomy":"post_tag","embeddable":true,"href":"https:\/\/ambsantodomingo.esteri.it\/it\/wp-json\/wp\/v2\/tags?post=3517"}],"curies":[{"name":"wp","href":"https:\/\/api.w.org\/{rel}","templated":true}]}}