{"id":3585,"date":"2024-09-23T09:56:23","date_gmt":"2024-09-23T13:56:23","guid":{"rendered":"https:\/\/ambsantodomingo.esteri.it\/?p=3585"},"modified":"2024-09-23T09:56:53","modified_gmt":"2024-09-23T13:56:53","slug":"unanteprima-della-xii-biennale-internazionale-di-architettura-e-urbanistica-della-repubblica-dominicana","status":"publish","type":"post","link":"https:\/\/ambsantodomingo.esteri.it\/it\/news\/dall_ambasciata\/2024\/09\/unanteprima-della-xii-biennale-internazionale-di-architettura-e-urbanistica-della-repubblica-dominicana\/","title":{"rendered":"Un&#8217;anteprima della XII Biennale Internazionale di Architettura e Urbanistica della Repubblica Dominicana"},"content":{"rendered":"<p><strong>Articolo e Foto: <a href=\"https:\/\/acento.com.do\/sociales\/coctel-eutopias-anticipo-de-la-bienal-internacional-de-arquitectura-y-urbanismo-9398041.html\">C\u00f3ctel Eutop\u00edas: anticipo de la Bienal Internacional de Arquitectura y Urbanismo | Acento<\/a><\/strong><\/p>\n<p><span class=\"ng-star-inserted hovered\" data-index=\"0\">Santo Domingo, 19 settembre 2024 &#8211; La Societ\u00e0 di Architetti Dominicanos (SARD) ha tenuto con grande successo il cocktail Eutop\u00edas, un evento che si \u00e8 svolto nell&#8217;esclusivo Rooftop di Marmotech. Questo incontro ha riunito professionisti, accademici ed entusiasti del settore dell&#8217;architettura, che si sono dati appuntamento per conoscere i dettagli della prossima edizione della XII Biennale Internazionale di Architettura e Urbanismo della Repubblica Dominicana (BIAURD 2024).<\/span><\/p>\n<p><span class=\"ng-star-inserted\" data-index=\"1\">Gabriela Subero, Marketing Manager di Marmotech, ha dato il benvenuto ai partecipanti al cocktail pre-biennale della XII Biennale Internazionale di Architettura e Urbanistica della Repubblica Dominicana, Evidenziando l&#8217;impegno dell&#8217;azienda nei confronti del talento locale e il suo sostegno a piattaforme che promuovono l&#8217;innovazione e la trasformazione in architettura e urbanistica. &#8220;In Marmotech, promuoviamo lo sviluppo di spazi che riconoscono, educano e incoraggiano la nostra societ\u00e0 ad adottare tendenze sostenibili e consapevoli con l&#8217;ambiente&#8221;, ha espresso Subero. La rappresentante ha ringraziato gli ospiti speciali e ha riconosciuto la Societ\u00e0 di Architetti e il Ministero della Cultura per aver affidato a Marmotech come ospitare questa edizione, sottolineando che il suo Design Center \u00e8 progettato per ispirare architetti, progettisti e ingegneri a immaginare, progettare e costruire spazi che riflettano l&#8217;identit\u00e0 culturale dominicana.<\/span><\/p>\n<p><span class=\"ng-star-inserted\" data-index=\"2\">Il Sig. Il signor ambasciatore italiano nella Repubblica Dominicana, Stefano Queirolo Palmas, ha espresso la sua gratitudine alla Societ\u00e0 degli Architetti della Repubblica Dominicana per aver selezionato l&#8217;Italia come paese ospite. Ha sottolineato il profondo legame architettonico tra le due nazioni, riflesso nella continua collaborazione e la significativa presenza di professionisti italiani nel paese. Questa relazione ha arricchito il paesaggio urbano dominicano con edifici che combinano storia e modernit\u00e0, creando un ambiente unico in cui la tradizione e l&#8217;innovazione si intrecciano.<\/span><\/p>\n<p><span class=\"ng-star-inserted\" data-index=\"3\">Inoltre, Ozuna ha informato che la dodicesima edizione della Biennale di Architettura coincider\u00e0 con la Fiera del Libro, offrendo ai partecipanti un ricco programma di conferenze e colloqui che si terranno dal 5 al 9 novembre. <\/span><span class=\"ng-star-inserted\" data-index=\"4\">La mostra sar\u00e0 aperta al pubblico gratuitamente fino al 31 dicembre, offrendo un&#8217;opportunit\u00e0 unica per godere delle innovazioni architettoniche presentate durante l&#8217;evento.<\/span><\/p>\n<p><span class=\"ng-star-inserted\" data-index=\"5\">Questo invito \u00e8 un&#8217;opportunit\u00e0 per architetti, urbanisti e designer di tutto il mondo di condividere le loro visioni, proposte e progetti innovativi che cercano di trasformare e migliorare i nostri ambienti, ha concluso la presidente della SARD.<\/span><\/p>\n<p><span class=\"ng-star-inserted\" data-index=\"6\">La chiusura dell&#8217;evento \u00e8 stata curata dall&#8217;Arq. <\/span><span class=\"ng-star-inserted\" data-index=\"7\">Gamal Michelen, viceministro del Patrimonio Culturale del Ministero della Cultura della Repubblica Dominicana, che ha evidenziato l&#8217;architettura come forma vitale di espressione artistica e culturale dei popoli. <\/span><span class=\"ng-star-inserted\" data-index=\"8\">Michelen ha ribadito l&#8217;impegno del governo centrale per promuovere arte e cultura, nonch\u00e9 il suo interesse a promuovere un nuovo approccio alla pianificazione urbana nel paese, in linea con le esigenze e le tendenze contemporanee.<\/span><\/p>\n<p>Personaggi come Francesco Gravina, presidente dell&#8217;Unione delle Scuole e Facolt\u00e0 di Architettura della Repubblica Dominicana, l&#8217;Arq. Carlos Peguero, vice ministro della cooperazione internazionale del MITUR, l&#8217;arg. Erick Dorrejo, direttore dello sviluppo frontaliero del Ministero dell&#8217;economia, della pianificazione e delle finanze e l&#8217;arq. Sixto Brea, direttore del CEIZTUR, erano presenti all&#8217;incontro che si \u00e8 concluso con un brindisi speciale offerto da Marmotech, dove si rifletteva un&#8217;atmosfera di sincero cameratismo tra i partecipanti e una vasta copertura della stampa nazionale.<\/p>\n<p><strong>Dettagli del motto: &#8220;EUTOPIAS: Costruire idee per il futuro&#8221;<\/strong><\/p>\n<p>La Biennale fa parte della RETE di biennali di architettura America Latina REDBAAL, sotto il concetto &#8220;Eutop\u00edas&#8221;, che guida la BIAURD 2024, cerca di ispirare la creazione di spazi ideali dove l&#8217;architettura e l&#8217;urbanistica si unificano per costruire un futuro migliore. Si invita a immaginare, progettare e creare luoghi che soddisfino le esigenze attuali della societ\u00e0, promuovendo la conservazione dell&#8217;ambiente, l&#8217;adozione di nuove tecnologie e il rispetto per l&#8217;identit\u00e0 culturale di ogni regione.<\/p>\n<p>BIAURD 2024 promette di essere un viaggio ispiratore attraverso le opere pi\u00f9 importanti dell&#8217;architettura e dell&#8217;urbanistica, sia nella Repubblica Dominicana che nel resto del mondo.<\/p>\n<p><strong>Per iscrizioni e sponsorizzazioni:<\/strong><\/p>\n<p>Le iscrizioni per questo evento trasformativo saranno disponibili fino al 5 ottobre 2024. Il costo di partecipazione \u00e8 di $12,000 pesos dominicani per gli architetti nazionali e $20,900 per gli architetti internazionali. Per ulteriori informazioni e registrazione, gli interessati possono visitare il sito ufficiale <a href=\"http:\/\/www.biaurd.com\">www.biaurd.com<\/a> o inviare un&#8217;e-mail a <a href=\"mailto:info@biaurd.com\">info@biaurd.com<\/a><\/p>\n","protected":false},"excerpt":{"rendered":"Articolo e Foto: C\u00f3ctel Eutop\u00edas: anticipo de la Bienal Internacional de Arquitectura y Urbanismo | Acento Santo Domingo, 19 settembre 2024 &#8211; La Societ\u00e0 di Architetti Dominicanos (SARD) ha tenuto con grande successo il cocktail Eutop\u00edas, un evento che si \u00e8 svolto nell&#8217;esclusivo Rooftop di Marmotech. Questo incontro ha riunito professionisti, accademici ed entusiasti del [&hellip;]","protected":false},"author":4,"featured_media":3589,"comment_status":"closed","ping_status":"closed","sticky":false,"template":"","format":"standard","meta":{"footnotes":""},"tags":[],"class_list":["post-3585","post","type-post","status-publish","format-standard","has-post-thumbnail","hentry"],"_links":{"self":[{"href":"https:\/\/ambsantodomingo.esteri.it\/it\/wp-json\/wp\/v2\/posts\/3585","targetHints":{"allow":["GET"]}}],"collection":[{"href":"https:\/\/ambsantodomingo.esteri.it\/it\/wp-json\/wp\/v2\/posts"}],"about":[{"href":"https:\/\/ambsantodomingo.esteri.it\/it\/wp-json\/wp\/v2\/types\/post"}],"author":[{"embeddable":true,"href":"https:\/\/ambsantodomingo.esteri.it\/it\/wp-json\/wp\/v2\/users\/4"}],"replies":[{"embeddable":true,"href":"https:\/\/ambsantodomingo.esteri.it\/it\/wp-json\/wp\/v2\/comments?post=3585"}],"version-history":[{"count":2,"href":"https:\/\/ambsantodomingo.esteri.it\/it\/wp-json\/wp\/v2\/posts\/3585\/revisions"}],"predecessor-version":[{"id":3596,"href":"https:\/\/ambsantodomingo.esteri.it\/it\/wp-json\/wp\/v2\/posts\/3585\/revisions\/3596"}],"wp:featuredmedia":[{"embeddable":true,"href":"https:\/\/ambsantodomingo.esteri.it\/it\/wp-json\/wp\/v2\/media\/3589"}],"wp:attachment":[{"href":"https:\/\/ambsantodomingo.esteri.it\/it\/wp-json\/wp\/v2\/media?parent=3585"}],"wp:term":[{"taxonomy":"post_tag","embeddable":true,"href":"https:\/\/ambsantodomingo.esteri.it\/it\/wp-json\/wp\/v2\/tags?post=3585"}],"curies":[{"name":"wp","href":"https:\/\/api.w.org\/{rel}","templated":true}]}}