{"id":3630,"date":"2024-10-15T08:06:11","date_gmt":"2024-10-15T12:06:11","guid":{"rendered":"https:\/\/ambsantodomingo.esteri.it\/?p=3630"},"modified":"2024-10-15T08:06:11","modified_gmt":"2024-10-15T12:06:11","slug":"italia-repubblica-dominicana-firmato-memorandum-per-il-prestito-di-un-reperto-delluniversita-di-torino","status":"publish","type":"post","link":"https:\/\/ambsantodomingo.esteri.it\/it\/news\/dall_ambasciata\/2024\/10\/italia-repubblica-dominicana-firmato-memorandum-per-il-prestito-di-un-reperto-delluniversita-di-torino\/","title":{"rendered":"Italia-Repubblica Dominicana, firmato Memorandum per il prestito di un reperto dell&#8217;Universit\u00e0 di Torino"},"content":{"rendered":"<p><strong>Articolo<\/strong>: Ministero della Cultura. (<a href=\"https:\/\/cultura.gov.it\/comunicato\/26841\">Italia-Repubblica Dominicana, firmato Memorandum per il prestito di un reperto dell&#8217;Universit\u00e0 di Torino &#8211; Ministero della cultura<\/a>)<\/p>\n<p><strong>Foto<\/strong>: Ministero della Cultura.<\/p>\n<p>\u00c8 stato firmato oggi a Roma, al Ministero della Cultura, il Memorandum d&#8217;intesa per il prestito di beni culturali tra il Ministero della Cultura della Repubblica Italiana, il Ministero della Cultura della Repubblica Dominicana e l&#8217;Universit\u00e0 di Torino.<\/p>\n<p>Erano presenti il Ministro della Cultura,\u00a0Alessandro Giuli, l&#8217;On.\u00a0Paolo Barelli, il Rettore dell\u2019Universit\u00e0 di Torino,\u00a0Stefano Geuna, il Capo di Gabinetto,\u00a0Francesco Spano, il Consigliere Diplomatico del Ministro,\u00a0Clemente Contestabile, il Capo Dipartimento per la Tutela del Patrimonio culturale,\u00a0Luigi La Rocca,\u00a0la Ministra della Cultura,\u00a0Milagros Germ\u00e1n Olalla, l&#8217;Ambasciatore della Repubblica Dominicana in Italia,\u00a0Tony Raful Tejada, il Consigliere dell\u2019Ambasciata per gli Affari culturali,\u00a0Joaquin F. Taveras P\u00e9rez, il Consulente Ufficio della Ministra della Cultura,\u00a0Beatriz Ferrer, l&#8217;Assistente esecutiva della Ministra della Cultura,\u00a0Laura Khouri, il Consigliere,\u00a0Arelys Perdomo.<\/p>\n<div>Al centro dell\u2019accordo c\u2019\u00e8 lo Zemi (o Cem\u00ec nella traslitterazione spagnola) di cotone, di propriet\u00e0 del Museo di Antropologia ed Etnografia dell\u2019Universit\u00e0 di Torino (MAET). Questo reperto dal forte valore storico e identitario, appartenuto alla popolazione Taino, un gruppo scomparso pochi decenni dopo l\u2019arrivo di\u00a0Cristoforo Colombo\u00a0nella Repubblica Dominicana, sar\u00e0 consegnato per 6 mesi alle autorit\u00e0 dominicane.<\/div>\n<p>Il termine Zemi indica un potere mistico contenuto in oggetti sacri di varie forme e materiali. In seguito alla colonizzazione la maggior parte di questi reperti fu distrutta. Tuttavia, alcuni esemplari in pietra o legno sono tuttora conservati all\u2019interno di collezioni museali americane ed europee. L\u2019unico Zemi in cotone contenente reliquie umane, sopravvissuto fino a oggi, appartiene alle collezioni del MAET. Si tratta di una figura antropomorfa alta circa 55cm realizzata in cotone intrecciato, contenente una porzione di cranio umano deformato secondo l\u2019usanza dei Taino. L\u2019involucro in cotone \u00e8 datato con grande probabilit\u00e0 tra il 1439 e il 1522 d. C. mentre analisi recenti hanno rivelato che il cranio risale probabilmente a un periodo pi\u00f9 antico e, con ogni evidenza, \u00e8 un oggetto di culto che incarna lo spirito di un antenato o di un capo.<\/p>\n","protected":false},"excerpt":{"rendered":"Articolo: Ministero della Cultura. (Italia-Repubblica Dominicana, firmato Memorandum per il prestito di un reperto dell&#8217;Universit\u00e0 di Torino &#8211; Ministero della cultura) Foto: Ministero della Cultura. \u00c8 stato firmato oggi a Roma, al Ministero della Cultura, il Memorandum d&#8217;intesa per il prestito di beni culturali tra il Ministero della Cultura della Repubblica Italiana, il Ministero della [&hellip;]","protected":false},"author":4,"featured_media":3633,"comment_status":"closed","ping_status":"closed","sticky":false,"template":"","format":"standard","meta":{"footnotes":""},"tags":[],"class_list":["post-3630","post","type-post","status-publish","format-standard","has-post-thumbnail","hentry"],"_links":{"self":[{"href":"https:\/\/ambsantodomingo.esteri.it\/it\/wp-json\/wp\/v2\/posts\/3630","targetHints":{"allow":["GET"]}}],"collection":[{"href":"https:\/\/ambsantodomingo.esteri.it\/it\/wp-json\/wp\/v2\/posts"}],"about":[{"href":"https:\/\/ambsantodomingo.esteri.it\/it\/wp-json\/wp\/v2\/types\/post"}],"author":[{"embeddable":true,"href":"https:\/\/ambsantodomingo.esteri.it\/it\/wp-json\/wp\/v2\/users\/4"}],"replies":[{"embeddable":true,"href":"https:\/\/ambsantodomingo.esteri.it\/it\/wp-json\/wp\/v2\/comments?post=3630"}],"version-history":[{"count":1,"href":"https:\/\/ambsantodomingo.esteri.it\/it\/wp-json\/wp\/v2\/posts\/3630\/revisions"}],"predecessor-version":[{"id":3635,"href":"https:\/\/ambsantodomingo.esteri.it\/it\/wp-json\/wp\/v2\/posts\/3630\/revisions\/3635"}],"wp:featuredmedia":[{"embeddable":true,"href":"https:\/\/ambsantodomingo.esteri.it\/it\/wp-json\/wp\/v2\/media\/3633"}],"wp:attachment":[{"href":"https:\/\/ambsantodomingo.esteri.it\/it\/wp-json\/wp\/v2\/media?parent=3630"}],"wp:term":[{"taxonomy":"post_tag","embeddable":true,"href":"https:\/\/ambsantodomingo.esteri.it\/it\/wp-json\/wp\/v2\/tags?post=3630"}],"curies":[{"name":"wp","href":"https:\/\/api.w.org\/{rel}","templated":true}]}}