{"id":3672,"date":"2024-10-29T08:16:50","date_gmt":"2024-10-29T12:16:50","guid":{"rendered":"https:\/\/ambsantodomingo.esteri.it\/?p=3672"},"modified":"2024-10-29T08:16:50","modified_gmt":"2024-10-29T12:16:50","slug":"la-rep-dominicana-celebra-la-settimana-della-lingua-italiana","status":"publish","type":"post","link":"https:\/\/ambsantodomingo.esteri.it\/it\/news\/dall_ambasciata\/2024\/10\/la-rep-dominicana-celebra-la-settimana-della-lingua-italiana\/","title":{"rendered":"La Rep. Dominicana celebra la Settimana della lingua italiana"},"content":{"rendered":"<p><strong>Articolo e foto: ANSA.\u00a0<\/strong><\/p>\n<p>In occasione della XXIV Settimana della Lingua Italiana nel Mondo, dedicata al tema &#8220;L&#8217;italiano e il libro: il mondo fra le righe&#8221;, sono stati organizzati diversi eventi volti a promuovere e diffondere la conoscenza della lingua e della cultura italiana. Lo scorso 18 ottobre si \u00e8 infatti tenuta l&#8217;inaugurazione del progetto COMITES di biblioteca pubblica, che si pone l&#8217;obiettivo di creare un punto di riferimento per la circolazione e la condivisione di libri in lingua italiana.<\/p>\n<p>L&#8217;Ambasciatore Stefano Queirolo Palmas ha presenziato alla cerimonia di inaugurazione insieme alla Presidente del COMITES, Licia Colombo, alla responsabile Affari Culturali del Ministero delle Relazioni Esterne dominicano, Ambasciatrice Rosa Maria Nadal, al rappresentante legale della Fondazione Nonna Rina, Aldo Burzatta, ai membri del COMITES, nonch\u00e9 a esponenti della collettivit\u00e0 e dell&#8217;associazionismo locale, come l&#8217;Associazione CTIM e l&#8217;Associazione RAVA di San Pedro de Macor\u00ecs. La biblioteca, ospitata nei locali della Fondazione Nonna Rina, nel settore Gazcue della capitale, si propone non solo come luogo di prestito libri, ma anche come un centro di aggregazione comunitario e culturale, sinora mancante. L&#8217;elenco dei libri disponibili e le informazioni sulla biblioteca sono pubblicati sul sito del COMITES.<\/p>\n<p>L&#8217;Ambasciata a Santo Domingo ha promosso ulteriori iniziative nell&#8217;ambito della SLIM, tra cui alcune proiezioni in lingua italiana del film Il Giovane Favoloso, presso le universit\u00e0 dove sono in essere corsi di lingua italiana. La prima proiezione si \u00e8 tenuta lo scorso 22 ottobre nella Biblioteca dell&#8217;Universidad Central del Este (UCE), universit\u00e0 ove ogni anno si svolgono diversi corsi, frequentati da oltre 100 studenti. La proiezione del film di Mario Martone sulla vita di Giacomo Leopardi ha quindi permesso al pubblico di giovani di conoscere a fondo uno dei massimi rappresentanti della cultura italiana, contribuendo ad avvicinare gli studenti alla nostra letteratura. Un&#8217;ulteriore proiezione de Il Giovane Favoloso \u00e8 prevista presso la Escuela de Idiomas della Universidad APEC (UNAPEC), altra realt\u00e0 accademica dove viene impartito l&#8217;insegnamento dell&#8217;italiano.<\/p>\n<p>Iniziative analoghe si terranno inoltre nell&#8217;ambito del Festival del Cinema Europeo (EUROCINE), che sar\u00e0 promosso dalla Delegazione dell&#8217;Unione Europea, ed a cui questa Sede ha contribuito attivamente, anche in collaborazione con la Direcci\u00f3n General de Cine e con la Cinemateca Dominicana. \u00c8 previsto un programma di proiezioni, che si terranno dal 25 ottobre al 3 novembre presso il Museo di Arte Moderna. All&#8217;interno della programmazione figurano due pellicole italiane: Io Sto Bene e Primadonna, che verranno proiettate rispettivamente il prossimo 28 ottobre e 2 novembre. \u00c8 altres\u00ec in fase di organizzazione un&#8217;iniziativa congiunta con l&#8217;Ambasciata svizzera, per realizzare la proiezione di un film in lingua italiana presso l&#8217;Universidad Autonoma de Santo Domingo (UASD).<\/p>\n","protected":false},"excerpt":{"rendered":"Articolo e foto: ANSA.\u00a0 In occasione della XXIV Settimana della Lingua Italiana nel Mondo, dedicata al tema &#8220;L&#8217;italiano e il libro: il mondo fra le righe&#8221;, sono stati organizzati diversi eventi volti a promuovere e diffondere la conoscenza della lingua e della cultura italiana. Lo scorso 18 ottobre si \u00e8 infatti tenuta l&#8217;inaugurazione del progetto [&hellip;]","protected":false},"author":4,"featured_media":3675,"comment_status":"closed","ping_status":"closed","sticky":false,"template":"","format":"standard","meta":{"footnotes":""},"tags":[],"class_list":["post-3672","post","type-post","status-publish","format-standard","has-post-thumbnail","hentry"],"_links":{"self":[{"href":"https:\/\/ambsantodomingo.esteri.it\/it\/wp-json\/wp\/v2\/posts\/3672","targetHints":{"allow":["GET"]}}],"collection":[{"href":"https:\/\/ambsantodomingo.esteri.it\/it\/wp-json\/wp\/v2\/posts"}],"about":[{"href":"https:\/\/ambsantodomingo.esteri.it\/it\/wp-json\/wp\/v2\/types\/post"}],"author":[{"embeddable":true,"href":"https:\/\/ambsantodomingo.esteri.it\/it\/wp-json\/wp\/v2\/users\/4"}],"replies":[{"embeddable":true,"href":"https:\/\/ambsantodomingo.esteri.it\/it\/wp-json\/wp\/v2\/comments?post=3672"}],"version-history":[{"count":1,"href":"https:\/\/ambsantodomingo.esteri.it\/it\/wp-json\/wp\/v2\/posts\/3672\/revisions"}],"predecessor-version":[{"id":3676,"href":"https:\/\/ambsantodomingo.esteri.it\/it\/wp-json\/wp\/v2\/posts\/3672\/revisions\/3676"}],"wp:featuredmedia":[{"embeddable":true,"href":"https:\/\/ambsantodomingo.esteri.it\/it\/wp-json\/wp\/v2\/media\/3675"}],"wp:attachment":[{"href":"https:\/\/ambsantodomingo.esteri.it\/it\/wp-json\/wp\/v2\/media?parent=3672"}],"wp:term":[{"taxonomy":"post_tag","embeddable":true,"href":"https:\/\/ambsantodomingo.esteri.it\/it\/wp-json\/wp\/v2\/tags?post=3672"}],"curies":[{"name":"wp","href":"https:\/\/api.w.org\/{rel}","templated":true}]}}