{"id":3824,"date":"2024-11-27T08:52:05","date_gmt":"2024-11-27T12:52:05","guid":{"rendered":"https:\/\/ambsantodomingo.esteri.it\/?p=3824"},"modified":"2024-11-28T09:11:46","modified_gmt":"2024-11-28T13:11:46","slug":"lunione-europea-inaugura-le-relazioni-commerciali-con-la-repubblica-dominicana","status":"publish","type":"post","link":"https:\/\/ambsantodomingo.esteri.it\/it\/news\/dall_ambasciata\/2024\/11\/lunione-europea-inaugura-le-relazioni-commerciali-con-la-repubblica-dominicana\/","title":{"rendered":"L&#8217;Unione europea celebra le relazioni commerciali con la Repubblica Dominicana"},"content":{"rendered":"<p><strong>Articolo e Foto: Listin Diario.<\/strong><\/p>\n<p>La delegazione dell&#8217;UE nella Repubblica dominicana ha celebrato la settima edizione (VII) dei premi EPA, commemorando cos\u00ec le solide e fruttuose relazioni economiche bilaterali, sia a livello commerciale che di investimenti, Che negli ultimi 16 anni sono stati inclusi nel quadro dell&#8217;accordo di partenariato economico tra gli Stati del Cariforum e l&#8217;UE, noto come APE.<\/p>\n<p>L&#8217;ambasciatrice dell&#8217;UE Katja Afheldt ha ribadito che la Repubblica Dominicana e l&#8217;Unione europea sono partner naturali. Nel corso del suo intervento, Afheldt ha ricordato che l&#8217;APE \u00e8 uno strumento che offre prevedibilit\u00e0 e sicurezza agli operatori economici, promuovendo il commercio e gli investimenti, due potenti motori per generare crescita, ricchezza e occupazione.<\/p>\n<p>All&#8217;evento, che ha riunito tutti i principali attori del settore del commercio estero della Repubblica Dominicana, Sono stati riconosciuti gli operatori commerciali che si sono distinti per aver utilizzato i vantaggi offerti dall&#8217;accordo e che inoltre sono riusciti a posizionare con successo la loro offerta sui mercati dell&#8217;Unione europea e\/o della Repubblica Dominicana.<\/p>\n<p>Pavel Isa, Ministro dell&#8217;economia, della pianificazione e dello sviluppo, &#8220;l&#8217;APE \u00e8 molto pi\u00f9 di un accordo commerciale, in quanto include la dimensione dello sviluppo.<\/p>\n<p>L&#8217;Unione europea \u00e8 il principale donatore di fondi per lo sviluppo del paese ed \u00e8 stata la prima a investire in settori chiave dell&#8217;economia dominicana, come il turismo e i trasporti sostenibili. Oggi, la cooperazione europea punta anche sulla transizione digitale verde equa e inclusiva. Il suo sostegno al settore della microfinanza \u00e8 stato essenziale per generare opportunit\u00e0 economiche per MIPyMES e persone vulnerabili, come donne e giovani&#8221;.<\/p>\n<p>Mentre la presentazione centrale \u00e8 stata fatta dall&#8217;economista di fama Raul Ovalle, che ha tenuto una mostra intitolata &#8220;Dal commercio e gli investimenti alla prosperit\u00e0: il ruolo dell&#8217;EPA sulla strada verso RD2036&#8221;. Nel suo intervento, Ovalle ha spiegato come l&#8217;espansione dell&#8217;accesso ai mercati e l&#8217;EPA si sono trasformati in strumenti importanti per concretizzare la visione di sviluppo che \u00e8 stata proposta dalla gestione del presidente Abinader, attraverso la sua strategia Meta RD 2036 e il cui obiettivo principale \u00e8 raddoppiare le dimensioni del PIL reale del paese in quel periodo.<\/p>\n<p>Sviluppo sostenibile<\/p>\n<p>Biviana Riveiro, direttore esecutivo di ProDominicana, ha commentato le conclusioni e la risposta alla relazione centrale, affermando che l&#8217;EPA non solo facilita gli scambi tra la Repubblica dominicana e l&#8217;UE, ma contribuisce anche allo sviluppo sostenibile, la competitivit\u00e0 e l&#8217;integrazione del paese nell&#8217;economia globale. Ha aggiunto che, per massimizzare l&#8217;impatto di questo legame, \u00e8 fondamentale promuovere la conoscenza e la formazione in standard di qualit\u00e0, sostenibilit\u00e0 e certificazioni internazionali, in modo che i prodotti e servizi dominicani sfruttino al massimo questo accesso al mercato europeo.<\/p>\n<p>Le aziende vincitrici sono state scelte da un comitato di valutazione presieduto dalla delegazione dell&#8217;Unione europea e composto dal viceministro del commercio estero (MICM), ProDominicana, Associazione dominicana degli esportatori, Associazione per gli investimenti esteri, Camera di commercio e produzione di Santo Domingo, Coalizione dei servizi della Repubblica Dominicana, il Parlamento europeo, l&#8217;Agenzia per lo sviluppo delle esportazioni dei Caraibi e i consiglieri economici e commerciali degli Stati membri dell&#8217;Unione europea.<\/p>\n<p>Alla cerimonia di premiazione e di celebrazione dei premi EPA hanno partecipato gli ambasciatori Katja Afheldt (Unione europea), Antonio P\u00e9rez-Hern\u00e1ndez y Torra (Spagna), Stefano Queirolo Palmas (Italia), Maike Friedrichsen (Germania), Antti Kaski (Finlandia), Sonia Barbry (Francia), il ministro dell&#8217;Economia, della Pianificazione e dello Sviluppo, P\u00e1vel Isa Contreras; Biviana Riveiro, Direttore Esecutivo di Prodominicana; Dharuelly D Aza, Vicepresidente della Camera dei Deputati; i viceministri Hugo Rivera (MIREX) e Olaya Dotel (MEPYD), Leandro Villanueva (Salute Pubblica); Gabino Polanco (Direttore tecnico DGA).<\/p>\n","protected":false},"excerpt":{"rendered":"Articolo e Foto: Listin Diario. La delegazione dell&#8217;UE nella Repubblica dominicana ha celebrato la settima edizione (VII) dei premi EPA, commemorando cos\u00ec le solide e fruttuose relazioni economiche bilaterali, sia a livello commerciale che di investimenti, Che negli ultimi 16 anni sono stati inclusi nel quadro dell&#8217;accordo di partenariato economico tra gli Stati del Cariforum [&hellip;]","protected":false},"author":4,"featured_media":3836,"comment_status":"closed","ping_status":"closed","sticky":false,"template":"","format":"standard","meta":{"footnotes":""},"tags":[],"class_list":["post-3824","post","type-post","status-publish","format-standard","has-post-thumbnail","hentry"],"_links":{"self":[{"href":"https:\/\/ambsantodomingo.esteri.it\/it\/wp-json\/wp\/v2\/posts\/3824","targetHints":{"allow":["GET"]}}],"collection":[{"href":"https:\/\/ambsantodomingo.esteri.it\/it\/wp-json\/wp\/v2\/posts"}],"about":[{"href":"https:\/\/ambsantodomingo.esteri.it\/it\/wp-json\/wp\/v2\/types\/post"}],"author":[{"embeddable":true,"href":"https:\/\/ambsantodomingo.esteri.it\/it\/wp-json\/wp\/v2\/users\/4"}],"replies":[{"embeddable":true,"href":"https:\/\/ambsantodomingo.esteri.it\/it\/wp-json\/wp\/v2\/comments?post=3824"}],"version-history":[{"count":2,"href":"https:\/\/ambsantodomingo.esteri.it\/it\/wp-json\/wp\/v2\/posts\/3824\/revisions"}],"predecessor-version":[{"id":3838,"href":"https:\/\/ambsantodomingo.esteri.it\/it\/wp-json\/wp\/v2\/posts\/3824\/revisions\/3838"}],"wp:featuredmedia":[{"embeddable":true,"href":"https:\/\/ambsantodomingo.esteri.it\/it\/wp-json\/wp\/v2\/media\/3836"}],"wp:attachment":[{"href":"https:\/\/ambsantodomingo.esteri.it\/it\/wp-json\/wp\/v2\/media?parent=3824"}],"wp:term":[{"taxonomy":"post_tag","embeddable":true,"href":"https:\/\/ambsantodomingo.esteri.it\/it\/wp-json\/wp\/v2\/tags?post=3824"}],"curies":[{"name":"wp","href":"https:\/\/api.w.org\/{rel}","templated":true}]}}