{"id":3885,"date":"2024-12-18T10:40:53","date_gmt":"2024-12-18T14:40:53","guid":{"rendered":"https:\/\/ambsantodomingo.esteri.it\/?p=3885"},"modified":"2024-12-18T10:40:53","modified_gmt":"2024-12-18T14:40:53","slug":"chiusura-dellambasciata-durante-le-festivita-natalizie","status":"publish","type":"post","link":"https:\/\/ambsantodomingo.esteri.it\/it\/news\/dall_ambasciata\/2024\/12\/chiusura-dellambasciata-durante-le-festivita-natalizie\/","title":{"rendered":"Chiusura dell&#8217;Ambasciata durante le festivit\u00e0 natalizie"},"content":{"rendered":"<p>Si informa che, in occasione delle festivit\u00e0 natalizie, l&#8217;Ambasciata rester\u00e0 chiusa nelle seguenti date:<\/p>\n<ul>\n<li><strong>Mercoled\u00ec 25 dicembre 2024<\/strong><\/li>\n<li><strong>Gioved\u00ec 26 dicembre 2024<\/strong><\/li>\n<li><strong>Mercoled\u00ec 1 gennaio 2025<\/strong><\/li>\n<li><strong>Luned\u00ec 6 gennaio 2025<\/strong><\/li>\n<\/ul>\n<p>In tutti gli altri giorni, l&#8217;attivit\u00e0 dell&#8217;Ambasciata proseguir\u00e0 regolarmente secondo il consueto orario di apertura.<\/p>\n<p>Per maggiori informazioni sulle festivit\u00e0 osservate dall&#8217;Ambasciata si invita a consultare la seguente pagina:<\/p>\n<blockquote class=\"wp-embedded-content\" data-secret=\"WqEhEMcG5m\"><p><a href=\"https:\/\/ambsantodomingo.esteri.it\/it\/servizi-consolari-e-visti\/servizi-per-il-cittadino-italiano\/albo-consolare-e-altri-servizi\/calendario-delle-festivita-nazionali\/\">Calendario delle festivit\u00e0 nazionali<\/a><\/p><\/blockquote>\n<p><iframe loading=\"lazy\" class=\"wp-embedded-content\" sandbox=\"allow-scripts\" security=\"restricted\" style=\"position: absolute; visibility: hidden;\" title=\"&#8220;Calendario delle festivit\u00e0 nazionali&#8221; &#8212; Ambasciata d&#039;Italia Santo Domingo\" src=\"https:\/\/ambsantodomingo.esteri.it\/it\/servizi-consolari-e-visti\/servizi-per-il-cittadino-italiano\/albo-consolare-e-altri-servizi\/calendario-delle-festivita-nazionali\/embed\/#?secret=PbbZJqfE7Y#?secret=WqEhEMcG5m\" data-secret=\"WqEhEMcG5m\" width=\"600\" height=\"338\" frameborder=\"0\" marginwidth=\"0\" marginheight=\"0\" scrolling=\"no\"><\/iframe><\/p>\n<p>&nbsp;<\/p>\n","protected":false},"excerpt":{"rendered":"Si informa che, in occasione delle festivit\u00e0 natalizie, l&#8217;Ambasciata rester\u00e0 chiusa nelle seguenti date: Mercoled\u00ec 25 dicembre 2024 Gioved\u00ec 26 dicembre 2024 Mercoled\u00ec 1 gennaio 2025 Luned\u00ec 6 gennaio 2025 In tutti gli altri giorni, l&#8217;attivit\u00e0 dell&#8217;Ambasciata proseguir\u00e0 regolarmente secondo il consueto orario di apertura. Per maggiori informazioni sulle festivit\u00e0 osservate dall&#8217;Ambasciata si invita a [&hellip;]","protected":false},"author":4,"featured_media":0,"comment_status":"closed","ping_status":"closed","sticky":false,"template":"","format":"standard","meta":{"footnotes":""},"tags":[],"class_list":["post-3885","post","type-post","status-publish","format-standard","hentry"],"_links":{"self":[{"href":"https:\/\/ambsantodomingo.esteri.it\/it\/wp-json\/wp\/v2\/posts\/3885","targetHints":{"allow":["GET"]}}],"collection":[{"href":"https:\/\/ambsantodomingo.esteri.it\/it\/wp-json\/wp\/v2\/posts"}],"about":[{"href":"https:\/\/ambsantodomingo.esteri.it\/it\/wp-json\/wp\/v2\/types\/post"}],"author":[{"embeddable":true,"href":"https:\/\/ambsantodomingo.esteri.it\/it\/wp-json\/wp\/v2\/users\/4"}],"replies":[{"embeddable":true,"href":"https:\/\/ambsantodomingo.esteri.it\/it\/wp-json\/wp\/v2\/comments?post=3885"}],"version-history":[{"count":1,"href":"https:\/\/ambsantodomingo.esteri.it\/it\/wp-json\/wp\/v2\/posts\/3885\/revisions"}],"predecessor-version":[{"id":3888,"href":"https:\/\/ambsantodomingo.esteri.it\/it\/wp-json\/wp\/v2\/posts\/3885\/revisions\/3888"}],"wp:attachment":[{"href":"https:\/\/ambsantodomingo.esteri.it\/it\/wp-json\/wp\/v2\/media?parent=3885"}],"wp:term":[{"taxonomy":"post_tag","embeddable":true,"href":"https:\/\/ambsantodomingo.esteri.it\/it\/wp-json\/wp\/v2\/tags?post=3885"}],"curies":[{"name":"wp","href":"https:\/\/api.w.org\/{rel}","templated":true}]}}