{"id":3944,"date":"2025-01-07T15:30:48","date_gmt":"2025-01-07T19:30:48","guid":{"rendered":"https:\/\/ambsantodomingo.esteri.it\/?p=3944"},"modified":"2025-01-14T16:35:24","modified_gmt":"2025-01-14T20:35:24","slug":"celebrazione-del-228-anniversario-della-festa-del-tricolore","status":"publish","type":"post","link":"https:\/\/ambsantodomingo.esteri.it\/it\/news\/dall_ambasciata\/2025\/01\/celebrazione-del-228-anniversario-della-festa-del-tricolore\/","title":{"rendered":"Celebrazione del 228\u00b0 anniversario della Festa del Tricolore"},"content":{"rendered":"<p><img loading=\"lazy\" decoding=\"async\" class=\"alignnone size-medium wp-image-3945 img-fluid\" src=\"https:\/\/ambsantodomingo.esteri.it\/wp-content\/uploads\/2025\/01\/GettyImages-520189384-300x200.jpg\" alt=\"\" width=\"300\" height=\"200\" srcset=\"https:\/\/ambsantodomingo.esteri.it\/wp-content\/uploads\/2025\/01\/GettyImages-520189384-300x200.jpg 300w, https:\/\/ambsantodomingo.esteri.it\/wp-content\/uploads\/2025\/01\/GettyImages-520189384-1024x683.jpg 1024w, https:\/\/ambsantodomingo.esteri.it\/wp-content\/uploads\/2025\/01\/GettyImages-520189384-768x512.jpg 768w, https:\/\/ambsantodomingo.esteri.it\/wp-content\/uploads\/2025\/01\/GettyImages-520189384.jpg 1920w\" sizes=\"auto, (max-width: 300px) 100vw, 300px\" \/><\/p>\n<p>Oggi, 7 gennaio, si celebra la <strong>Giornata nazionale della Bandiera<\/strong>, conosciuta anche come <strong>Festa del Tricolore<\/strong>, una ricorrenza che rende omaggio a uno dei simboli pi\u00f9 rappresentativi della nostra storia, dei valori repubblicani e della nostra identit\u00e0 nazionale. La data ricorda il <strong>7 gennaio 1797<\/strong>, giorno in cui il Parlamento della neonata <strong>Repubblica Cispadana<\/strong>, primo Stato italiano sovrano, adott\u00f2 ufficialmente la bandiera verde, bianca e rossa, rispettivamente simbolo di speranza di libert\u00e0, fede e amor di patria. Il rosso ricorda anche il sangue dei caduti per l\u2019unit\u00e0 d\u2019Italia.<\/p>\n<p>Nel 1947, con l&#8217;approvazione della Costituzione, il <strong>Tricolore a bande verticali di eguali dimensioni<\/strong> fu inserito all&#8217;<strong>articolo 12<\/strong> come Bandiera ufficiale della Repubblica Italiana, diventando il simbolo della libert\u00e0 e della coesione nazionale.<\/p>\n<p>Durante le celebrazioni di oggi, si rende omaggio al Tricolore come emblema dell&#8217;identit\u00e0 italiana, che ha attraversato secoli di storia rappresentando valori condivisi e l&#8217;aspirazione all&#8217;unit\u00e0. L&#8217;importanza di questa bandiera non \u00e8 solo simbolica, ma si collega profondamente alla memoria storica e ai sacrifici di coloro che hanno combattuto per la libert\u00e0 e l&#8217;indipendenza del Paese.<\/p>\n<p><a href=\"https:\/\/www.quirinale.it\/elementi\/51508\">Le parole del Presidente Mattarella sul valore fondante del Tricolore<\/a><\/p>\n","protected":false},"excerpt":{"rendered":"Oggi, 7 gennaio, si celebra la Giornata nazionale della Bandiera, conosciuta anche come Festa del Tricolore, una ricorrenza che rende omaggio a uno dei simboli pi\u00f9 rappresentativi della nostra storia, dei valori repubblicani e della nostra identit\u00e0 nazionale. La data ricorda il 7 gennaio 1797, giorno in cui il Parlamento della neonata Repubblica Cispadana, primo [&hellip;]","protected":false},"author":4,"featured_media":3945,"comment_status":"closed","ping_status":"closed","sticky":false,"template":"","format":"standard","meta":{"footnotes":""},"tags":[],"class_list":["post-3944","post","type-post","status-publish","format-standard","has-post-thumbnail","hentry"],"_links":{"self":[{"href":"https:\/\/ambsantodomingo.esteri.it\/it\/wp-json\/wp\/v2\/posts\/3944","targetHints":{"allow":["GET"]}}],"collection":[{"href":"https:\/\/ambsantodomingo.esteri.it\/it\/wp-json\/wp\/v2\/posts"}],"about":[{"href":"https:\/\/ambsantodomingo.esteri.it\/it\/wp-json\/wp\/v2\/types\/post"}],"author":[{"embeddable":true,"href":"https:\/\/ambsantodomingo.esteri.it\/it\/wp-json\/wp\/v2\/users\/4"}],"replies":[{"embeddable":true,"href":"https:\/\/ambsantodomingo.esteri.it\/it\/wp-json\/wp\/v2\/comments?post=3944"}],"version-history":[{"count":1,"href":"https:\/\/ambsantodomingo.esteri.it\/it\/wp-json\/wp\/v2\/posts\/3944\/revisions"}],"predecessor-version":[{"id":3948,"href":"https:\/\/ambsantodomingo.esteri.it\/it\/wp-json\/wp\/v2\/posts\/3944\/revisions\/3948"}],"wp:featuredmedia":[{"embeddable":true,"href":"https:\/\/ambsantodomingo.esteri.it\/it\/wp-json\/wp\/v2\/media\/3945"}],"wp:attachment":[{"href":"https:\/\/ambsantodomingo.esteri.it\/it\/wp-json\/wp\/v2\/media?parent=3944"}],"wp:term":[{"taxonomy":"post_tag","embeddable":true,"href":"https:\/\/ambsantodomingo.esteri.it\/it\/wp-json\/wp\/v2\/tags?post=3944"}],"curies":[{"name":"wp","href":"https:\/\/api.w.org\/{rel}","templated":true}]}}