{"id":4357,"date":"2025-03-19T14:47:41","date_gmt":"2025-03-19T18:47:41","guid":{"rendered":"https:\/\/ambsantodomingo.esteri.it\/?p=4357"},"modified":"2025-03-19T14:47:41","modified_gmt":"2025-03-19T18:47:41","slug":"la-fard-organizza-larrivo-di-10-nuovi-aerei","status":"publish","type":"post","link":"https:\/\/ambsantodomingo.esteri.it\/it\/news\/dall_ambasciata\/2025\/03\/la-fard-organizza-larrivo-di-10-nuovi-aerei\/","title":{"rendered":"La FARD organizza l&#8217;arrivo di 10 nuovi aerei."},"content":{"rendered":"<p>Santo Domingo, 18 marzo 2025 &#8211; La <strong>Forza Aerea della Repubblica Dominicana (FARD)<\/strong> ha iniziato le prove di volo del suo quinto aereo <strong>TP-75 Dulus<\/strong>, un modello da <strong>addestramento e pattugliamento<\/strong>, parte di un acquisto complessivo di 10 aerei dalla compagnia <strong>Flying Legend nel 2022.<\/strong> Gli aerei, assemblati alla Base A\u00e9rea di San Isidro, sono destinati a missioni di sorveglianza e addestramento avanzato. Cinque di questi aerei sono gi\u00e0 operativi nella flotta della FARD, rappresentando met\u00e0 dell&#8217;acquisto totale. Le prime tre unit\u00e0 sono state assegnate all&#8217;Escuadr\u00f3n de Combate \u201cDragones\u201d.<\/p>\n<p data-start=\"552\" data-end=\"999\" data-is-last-node=\"\" data-is-only-node=\"\">Il<strong> TP-75 Dulus<\/strong>, costruito in <strong>alluminio<\/strong>, \u00e8 equipaggiato con un motore Rotax 915iS da 141 cavalli, che gli permette di raggiungere una velocit\u00e0 massima di<strong> 287 km\/h<\/strong> e un&#8217;autonomia di <strong>1.166 km<\/strong>. Sebbene progettato inizialmente per il turismo sportivo, \u00e8 stato modificato per includere <strong>sensori di sorveglianza<\/strong>, come telecamere termografiche FLIR, per scopi di riconoscimento e pattugliamento. I nuovi aerei mantengono la tipica livrea grigia della FARD.<\/p>\n<p data-start=\"552\" data-end=\"999\" data-is-last-node=\"\" data-is-only-node=\"\">Fonte: <a href=\"https:\/\/eldia.com.do\/fard-coordina-recepcion-de-10-nuevas-aeronaves\/\">FARD coordina recepci\u00f3n de 10 nuevas aeronaves<\/a><\/p>\n","protected":false},"excerpt":{"rendered":"Santo Domingo, 18 marzo 2025 &#8211; La Forza Aerea della Repubblica Dominicana (FARD) ha iniziato le prove di volo del suo quinto aereo TP-75 Dulus, un modello da addestramento e pattugliamento, parte di un acquisto complessivo di 10 aerei dalla compagnia Flying Legend nel 2022. Gli aerei, assemblati alla Base A\u00e9rea di San Isidro, sono [&hellip;]","protected":false},"author":4,"featured_media":4362,"comment_status":"closed","ping_status":"closed","sticky":false,"template":"","format":"standard","meta":{"footnotes":""},"tags":[8],"class_list":["post-4357","post","type-post","status-publish","format-standard","has-post-thumbnail","hentry","tag-diplomazia-economica"],"_links":{"self":[{"href":"https:\/\/ambsantodomingo.esteri.it\/it\/wp-json\/wp\/v2\/posts\/4357","targetHints":{"allow":["GET"]}}],"collection":[{"href":"https:\/\/ambsantodomingo.esteri.it\/it\/wp-json\/wp\/v2\/posts"}],"about":[{"href":"https:\/\/ambsantodomingo.esteri.it\/it\/wp-json\/wp\/v2\/types\/post"}],"author":[{"embeddable":true,"href":"https:\/\/ambsantodomingo.esteri.it\/it\/wp-json\/wp\/v2\/users\/4"}],"replies":[{"embeddable":true,"href":"https:\/\/ambsantodomingo.esteri.it\/it\/wp-json\/wp\/v2\/comments?post=4357"}],"version-history":[{"count":1,"href":"https:\/\/ambsantodomingo.esteri.it\/it\/wp-json\/wp\/v2\/posts\/4357\/revisions"}],"predecessor-version":[{"id":4363,"href":"https:\/\/ambsantodomingo.esteri.it\/it\/wp-json\/wp\/v2\/posts\/4357\/revisions\/4363"}],"wp:featuredmedia":[{"embeddable":true,"href":"https:\/\/ambsantodomingo.esteri.it\/it\/wp-json\/wp\/v2\/media\/4362"}],"wp:attachment":[{"href":"https:\/\/ambsantodomingo.esteri.it\/it\/wp-json\/wp\/v2\/media?parent=4357"}],"wp:term":[{"taxonomy":"post_tag","embeddable":true,"href":"https:\/\/ambsantodomingo.esteri.it\/it\/wp-json\/wp\/v2\/tags?post=4357"}],"curies":[{"name":"wp","href":"https:\/\/api.w.org\/{rel}","templated":true}]}}