{"id":4626,"date":"2025-04-15T15:21:08","date_gmt":"2025-04-15T19:21:08","guid":{"rendered":"https:\/\/ambsantodomingo.esteri.it\/?p=4626"},"modified":"2025-04-15T15:22:41","modified_gmt":"2025-04-15T19:22:41","slug":"la-rompighiaccio-laura-bassi-torna-in-italia-dopo-40-giorni-nellantartico","status":"publish","type":"post","link":"https:\/\/ambsantodomingo.esteri.it\/it\/news\/dall_ambasciata\/2025\/04\/la-rompighiaccio-laura-bassi-torna-in-italia-dopo-40-giorni-nellantartico\/","title":{"rendered":"La nave da ricerca Laura Bassi torna in Italia dopo 40 giorni nell\u2019Antartico"},"content":{"rendered":"<p>La nave da ricerca italiana &#8220;Laura Bassi&#8221; ha concluso la missione che l&#8217;ha portata a navigare per due mesi nelle acque antartiche a supporto delle attivit\u00e0 di ricerca sulle dinamiche fisiche e biogeochimiche di specifiche aree del continente. La nave, dopo la sosta di tre giorni nel porto di Milazzo, ha mollato gli ormeggi dalla banchina XX Luglio dirigendo la prora verso il porto di Ancona. La nave arriva dalla Nuova Zelanda. Si tratta della 40\/ma spedizione scientifica in Antartide finanziata dal Ministero dell&#8217;universit\u00e0 e della ricerche nell&#8217;ambito del programma nazionale in Antartide, gestito dal Cnr per il coordinamento scientifico, dall&#8217;Enea per la pianificazione e l&#8217;organizzazione logistica delle attivit\u00e0 presso le basi antartiche e dall&#8217;Istituto nazionale di oceonografia e di geofisica sperimentale (Ogs) &#8211; proprietaria della nave &#8211; per la gestione tecnica e scientifica della rompighiaccio. La Laura Bassi \u00e8 partita lo scorso 15 dicembre dal porto di Lyttelton. In totale sono state coinvolte 42 persone: personale tecnico e di ricerca e un equipaggio di 23 membri. La rompighiaccio ha completato due rotazioni dalla Nuova Zelanda all&#8217;Antartide, circumnavigando il Mare di Ross e raggiungendo la Base italiana in Antartide &#8220;Mario Zucchelli&#8221; (Mzs) per attivit\u00e0 di logistica e supporto. &#8220;La campagna di quest&#8217;anno &#8211; ha spiegato Franco Coren, direttore del Centro Gestione Infrastrutture Navali dell&#8217;Ogs &#8211; ci ha posto davanti a sfide complesse. Grazie alla collaborazione tra l&#8217;equipaggio, il personale tecnico e quello scientifico siamo riusciti a completare il 100% delle attivit\u00e0 logistiche e il 60% di quelle scientifiche in programma&#8221;. &#8220;Per noi \u00e8 fondamentale la sicurezza del personale e l&#8217;integrit\u00e0 della nave e abbiamo fatto scelte gestionali seguendo quest&#8217;ottica; il mare va rispettato e l&#8217;imprevisto \u00e8 dietro all&#8217;angolo ma grazie alla preparazione del team siamo riusciti a portare a termine la campagna al meglio&#8221;, precisa Coren. Dopo una breve sosta in Nuova Zelanda, la nave ha ripreso il suo viaggio per rientrare in Italia, dopo 40 giorni di navigazione, con una rotta attraverso l&#8217;Oceano Pacifico australe, doppiando Capo Horn e percorrendo l&#8217;Oceano Atlantico a favore di vento&#8221;. (ANSA).<\/p>\n","protected":false},"excerpt":{"rendered":"La nave da ricerca italiana &#8220;Laura Bassi&#8221; ha concluso la missione che l&#8217;ha portata a navigare per due mesi nelle acque antartiche a supporto delle attivit\u00e0 di ricerca sulle dinamiche fisiche e biogeochimiche di specifiche aree del continente. La nave, dopo la sosta di tre giorni nel porto di Milazzo, ha mollato gli ormeggi dalla [&hellip;]","protected":false},"author":4,"featured_media":4627,"comment_status":"closed","ping_status":"closed","sticky":false,"template":"","format":"standard","meta":{"footnotes":""},"tags":[],"class_list":["post-4626","post","type-post","status-publish","format-standard","has-post-thumbnail","hentry"],"_links":{"self":[{"href":"https:\/\/ambsantodomingo.esteri.it\/it\/wp-json\/wp\/v2\/posts\/4626","targetHints":{"allow":["GET"]}}],"collection":[{"href":"https:\/\/ambsantodomingo.esteri.it\/it\/wp-json\/wp\/v2\/posts"}],"about":[{"href":"https:\/\/ambsantodomingo.esteri.it\/it\/wp-json\/wp\/v2\/types\/post"}],"author":[{"embeddable":true,"href":"https:\/\/ambsantodomingo.esteri.it\/it\/wp-json\/wp\/v2\/users\/4"}],"replies":[{"embeddable":true,"href":"https:\/\/ambsantodomingo.esteri.it\/it\/wp-json\/wp\/v2\/comments?post=4626"}],"version-history":[{"count":2,"href":"https:\/\/ambsantodomingo.esteri.it\/it\/wp-json\/wp\/v2\/posts\/4626\/revisions"}],"predecessor-version":[{"id":4631,"href":"https:\/\/ambsantodomingo.esteri.it\/it\/wp-json\/wp\/v2\/posts\/4626\/revisions\/4631"}],"wp:featuredmedia":[{"embeddable":true,"href":"https:\/\/ambsantodomingo.esteri.it\/it\/wp-json\/wp\/v2\/media\/4627"}],"wp:attachment":[{"href":"https:\/\/ambsantodomingo.esteri.it\/it\/wp-json\/wp\/v2\/media?parent=4626"}],"wp:term":[{"taxonomy":"post_tag","embeddable":true,"href":"https:\/\/ambsantodomingo.esteri.it\/it\/wp-json\/wp\/v2\/tags?post=4626"}],"curies":[{"name":"wp","href":"https:\/\/api.w.org\/{rel}","templated":true}]}}