{"id":4675,"date":"2025-04-28T13:40:46","date_gmt":"2025-04-28T17:40:46","guid":{"rendered":"https:\/\/ambsantodomingo.esteri.it\/?p=4675"},"modified":"2025-04-28T13:40:46","modified_gmt":"2025-04-28T17:40:46","slug":"22esimo-anniversario-della-casa-famiglia-nuestros-pequenos-hermanos-in-presenza-di-raoul-bova","status":"publish","type":"post","link":"https:\/\/ambsantodomingo.esteri.it\/it\/news\/dall_ambasciata\/2025\/04\/22esimo-anniversario-della-casa-famiglia-nuestros-pequenos-hermanos-in-presenza-di-raoul-bova\/","title":{"rendered":"22esimo anniversario della casa famiglia \u201cNuestros Peque\u00f1os Hermanos\u201d, in presenza di Raoul Bova"},"content":{"rendered":"<p>Si sono tenute il passato sabato 26 aprile 2025 le celebrazioni per il ventiduesimo anniversario della casa famiglia \u201cNuestros Peque\u00f1os Hermanos\u201d &#8211; NPH \/ Fondazione Francesca Rava Republica Dominicana \u2013\u00a0 situata nella citt\u00e0 di San Pedro de Macor\u00ecs.<\/p>\n<p>La Fondazione fornisce accoglienza a pi\u00f9 di 200 bambini provenienti da contesti sociali disagiati e periferici, offrendo loro migliori prospettive di vita in case a conduzione familiare e l\u2019accesso a servizi educativi e sanitari. La struttura \u2013 una sorta di citt\u00e0 dei ragazzi ideale, nel mezzo di latifondi della canna da zucchero, dove si respira un\u2019atmosfera idilliaca e dove ciascuno svolge un compito coerente con le proprie inclinazioni &#8211; \u00e8 stata realizzata grazie alla progettazione offerta dall\u2019Ing. Renzo Serravalle, Presidente dell\u2019Associazione \u201cCasa d\u2019Italia\u201d di Santo Domingo, e pu\u00f2 contare sul sostegno attivo di molti volontari e di donazioni tanto a livello nazionale quanto internazionale. Un\u2019ingente ampliamento del terreno \u00e8 stato regalato anni fa dal Presidente della Repubblica Dominicana pro tempore, Danilo Medina, e l\u2019Arcivescovado di San Pedro garantisce ulteriori agevolazioni. La Fondazione Marco Simoncelli di Riccione, che commemora il pilota di Moto GP tragicamente scomparso, ha altres\u00ec fornito un significativo supporto.<\/p>\n<p>Da poco la struttura \u00e8 sede di un esperimento pilota di insegnamento della lingua e cultura italiana, reso possibile attraverso indiretto finanziamento pubblico, per il tramite dell\u2019Universit\u00e0 UCE, legata ad UniFirenze.<\/p>\n<p>Presenti alla cerimonia l\u2019Ambasciatore d\u2019Italia Stefano Queirolo Palmas, l\u2019attore Raoul Bova, che sta svolgendo presso la struttura un periodo di volontariato, il Vice Presidente di NPH Interazionale, Ing. Michelangelo Cambiaso, il Direttore di NPH Republica Dominicana, Kieran Rigney, la Presidente del Co.Mi.Tes Santo Domingo, Licia Colombo e la giornalista di RAI 2 Nadia Monetti.<\/p>\n<p>Durante la giornata di celebrazioni i bambini della casa famiglia hanno festeggiato con spettacoli di canto e ballo, molti dei quali ispirati al mondo dell\u2019intrattenimento televisivo italiano, e al suo termine si \u00e8 tenuto un pranzo collettivo aperto a tutti.<\/p>\n","protected":false},"excerpt":{"rendered":"Si sono tenute il passato sabato 26 aprile 2025 le celebrazioni per il ventiduesimo anniversario della casa famiglia \u201cNuestros Peque\u00f1os Hermanos\u201d &#8211; NPH \/ Fondazione Francesca Rava Republica Dominicana \u2013\u00a0 situata nella citt\u00e0 di San Pedro de Macor\u00ecs. La Fondazione fornisce accoglienza a pi\u00f9 di 200 bambini provenienti da contesti sociali disagiati e periferici, offrendo [&hellip;]","protected":false},"author":4,"featured_media":4677,"comment_status":"closed","ping_status":"closed","sticky":false,"template":"","format":"standard","meta":{"footnotes":""},"tags":[],"class_list":["post-4675","post","type-post","status-publish","format-standard","has-post-thumbnail","hentry"],"_links":{"self":[{"href":"https:\/\/ambsantodomingo.esteri.it\/it\/wp-json\/wp\/v2\/posts\/4675","targetHints":{"allow":["GET"]}}],"collection":[{"href":"https:\/\/ambsantodomingo.esteri.it\/it\/wp-json\/wp\/v2\/posts"}],"about":[{"href":"https:\/\/ambsantodomingo.esteri.it\/it\/wp-json\/wp\/v2\/types\/post"}],"author":[{"embeddable":true,"href":"https:\/\/ambsantodomingo.esteri.it\/it\/wp-json\/wp\/v2\/users\/4"}],"replies":[{"embeddable":true,"href":"https:\/\/ambsantodomingo.esteri.it\/it\/wp-json\/wp\/v2\/comments?post=4675"}],"version-history":[{"count":1,"href":"https:\/\/ambsantodomingo.esteri.it\/it\/wp-json\/wp\/v2\/posts\/4675\/revisions"}],"predecessor-version":[{"id":4680,"href":"https:\/\/ambsantodomingo.esteri.it\/it\/wp-json\/wp\/v2\/posts\/4675\/revisions\/4680"}],"wp:featuredmedia":[{"embeddable":true,"href":"https:\/\/ambsantodomingo.esteri.it\/it\/wp-json\/wp\/v2\/media\/4677"}],"wp:attachment":[{"href":"https:\/\/ambsantodomingo.esteri.it\/it\/wp-json\/wp\/v2\/media?parent=4675"}],"wp:term":[{"taxonomy":"post_tag","embeddable":true,"href":"https:\/\/ambsantodomingo.esteri.it\/it\/wp-json\/wp\/v2\/tags?post=4675"}],"curies":[{"name":"wp","href":"https:\/\/api.w.org\/{rel}","templated":true}]}}