{"id":4798,"date":"2025-05-26T16:41:15","date_gmt":"2025-05-26T20:41:15","guid":{"rendered":"https:\/\/ambsantodomingo.esteri.it\/?p=4798"},"modified":"2025-05-26T16:43:45","modified_gmt":"2025-05-26T20:43:45","slug":"conferenza-diplomatica-studentesca-a-cotui","status":"publish","type":"post","link":"https:\/\/ambsantodomingo.esteri.it\/it\/news\/dall_ambasciata\/2025\/05\/conferenza-diplomatica-studentesca-a-cotui\/","title":{"rendered":"Conferenza diplomatica studentesca a Cotu\u00ec"},"content":{"rendered":"<p>La Fundaci\u00f3n Princesas del Siglo 21, organizzazione volta a valorizzare il ruolo delle giovani donne dominicane, ha celebrato la decima edizione del programma &#8216;Conferencias Diplom\u00e1ticas Estudiantiles&#8217;, dedicata all&#8217;orientamento degli studenti dell&#8217;ultimo anno di scuola superiore.<\/p>\n<p>L&#8217;evento si \u00e8 tenuto nella citt\u00e0 di Cotu\u00ed, capoluogo della provincia di S\u00e1nchez Ram\u00edrez &#8211; produttrice di oro, ananas e cacao in parte esportati in Italia &#8211; e ha visto la partecipazione dell&#8217;ambasciatore d&#8217;Italia a Santo Domingo, Stefano Queirolo Palmas quale relatore. Quest&#8217;ultimo ha condiviso esperienze dei suoi oltre 40 anni di servizio come diplomatico, che lo hanno portato a lavorare in sette diverse destinazioni straniere sparse per cinque continenti, \u00ec illustrando le varie fasi della formazione diplomatica e le peculiarit\u00e0 di una carriera internazionale.<\/p>\n<p>Nel corso della cerimonia, il sindaco di Cotu\u00ec, Jos\u00e9 Eugenio Montilla, uno dei principali sostenitori dell&#8217;evento, nell&#8217;incoraggiare con un discorso motivazionale i giovani presenti ha anche conferito un riconoscimento speciale a Queirolo Palmas, per il suo contributo all&#8217;orientamento professionale e all&#8217;approfondimento dei legami culturali tra Italia e Repubblica Dominicana.<\/p>\n","protected":false},"excerpt":{"rendered":"La Fundaci\u00f3n Princesas del Siglo 21, organizzazione volta a valorizzare il ruolo delle giovani donne dominicane, ha celebrato la decima edizione del programma &#8216;Conferencias Diplom\u00e1ticas Estudiantiles&#8217;, dedicata all&#8217;orientamento degli studenti dell&#8217;ultimo anno di scuola superiore. L&#8217;evento si \u00e8 tenuto nella citt\u00e0 di Cotu\u00ed, capoluogo della provincia di S\u00e1nchez Ram\u00edrez &#8211; produttrice di oro, ananas e [&hellip;]","protected":false},"author":8,"featured_media":4793,"comment_status":"closed","ping_status":"closed","sticky":false,"template":"","format":"standard","meta":{"footnotes":""},"tags":[],"class_list":["post-4798","post","type-post","status-publish","format-standard","has-post-thumbnail","hentry"],"_links":{"self":[{"href":"https:\/\/ambsantodomingo.esteri.it\/it\/wp-json\/wp\/v2\/posts\/4798","targetHints":{"allow":["GET"]}}],"collection":[{"href":"https:\/\/ambsantodomingo.esteri.it\/it\/wp-json\/wp\/v2\/posts"}],"about":[{"href":"https:\/\/ambsantodomingo.esteri.it\/it\/wp-json\/wp\/v2\/types\/post"}],"author":[{"embeddable":true,"href":"https:\/\/ambsantodomingo.esteri.it\/it\/wp-json\/wp\/v2\/users\/8"}],"replies":[{"embeddable":true,"href":"https:\/\/ambsantodomingo.esteri.it\/it\/wp-json\/wp\/v2\/comments?post=4798"}],"version-history":[{"count":1,"href":"https:\/\/ambsantodomingo.esteri.it\/it\/wp-json\/wp\/v2\/posts\/4798\/revisions"}],"predecessor-version":[{"id":4801,"href":"https:\/\/ambsantodomingo.esteri.it\/it\/wp-json\/wp\/v2\/posts\/4798\/revisions\/4801"}],"wp:featuredmedia":[{"embeddable":true,"href":"https:\/\/ambsantodomingo.esteri.it\/it\/wp-json\/wp\/v2\/media\/4793"}],"wp:attachment":[{"href":"https:\/\/ambsantodomingo.esteri.it\/it\/wp-json\/wp\/v2\/media?parent=4798"}],"wp:term":[{"taxonomy":"post_tag","embeddable":true,"href":"https:\/\/ambsantodomingo.esteri.it\/it\/wp-json\/wp\/v2\/tags?post=4798"}],"curies":[{"name":"wp","href":"https:\/\/api.w.org\/{rel}","templated":true}]}}