{"id":4827,"date":"2025-06-10T10:55:06","date_gmt":"2025-06-10T14:55:06","guid":{"rendered":"https:\/\/ambsantodomingo.esteri.it\/?p=4827"},"modified":"2025-06-10T10:55:06","modified_gmt":"2025-06-10T14:55:06","slug":"lambasciata-celebra-la-festa-della-repubblica","status":"publish","type":"post","link":"https:\/\/ambsantodomingo.esteri.it\/it\/news\/dall_ambasciata\/2025\/06\/lambasciata-celebra-la-festa-della-repubblica\/","title":{"rendered":"L&#8217;Ambasciata celebra la Festa della Repubblica"},"content":{"rendered":"<div class=\"intro\">\n<p>L&#8217;Ambasciata d&#8217;Italia nella Repubblica Dominicana ha celebrato il 79\u00b0 anniversario della proclamazione della Repubblica Italiana con un ricevimento di gala presso il Kimpton Hotel &#8211; Las Mercedes, situato nel cuore della Citt\u00e0 Coloniale della capitale Santo Domingo.<\/p>\n<p>All&#8217;evento hanno partecipato il Ministro degli Affari Esteri Roberto \u00c1lvarez, e i vice ministri degli Affari Esteri Francisco Caraballo e Hugo Francisco Rivera, tra le altre autorit\u00e0 del paese caraibico.<br \/>\nNel suo discorso di benvenuto, l&#8217;ambasciatore d&#8217;Italia, Stefano Queirolo Palmas, ha sottolineato i forti e crescenti legami tra Italia e Repubblica Dominicana, evidenziando sia gli attuali ambiti di cooperazione sia le profonde radici storiche che sostengono questo rapporto.<\/p>\n<p>L&#8217;ambasciatore ha inoltre elogiato il contributo dell&#8217;attiva comunit\u00e0 italiana residente nel Paese e della significativa diaspora dominicana in Italia, attualmente la terza pi\u00f9 grande al mondo.<br \/>\nDurante il ricevimento \u00e8 stata consegnata un&#8217;onorificenza al maggiore generale Carlos Febrillet Rodr\u00edguez, vice ministro degli Affari Aerospaziali, insignito dell&#8217;Ordine della Stella d&#8217;Italia. Questo riconoscimento premia il suo ruolo chiave nel rafforzamento della cooperazione bilaterale in materia di sicurezza e difesa, esemplificato dall&#8217;acquisizione di quattro elicotteri AW169 e dalla collaborazione con l&#8217;azienda italiana Flying Legend per la consegna e l&#8217;assemblaggio in Repubblica Dominicana del velivolo TP-75 &#8220;Dulus&#8221;.<\/p>\n<p>Gabriella Reginato ha svolto il ruolo di maestra di cerimonia, mentre contenuti audiovisivi che illustravano i successi e gli aspetti meno noti dell&#8217;eccellenza italiana venivano proiettati a ciclo continuo sul megaschermo della sala.<br \/>\nTra il pubblico figuravano alte autorit\u00e0 civili e militari, personalit\u00e0 del settore privato, del mondo culturale e accademico dominicano e numerosi rappresentanti della comunit\u00e0 italiana locale. Alla cerimonia ha partecipato anche gran parte del corpo diplomatico accreditato nel Paese, inclusi i Capi Missione delle ambasciate di Francia, Germania, Canada, Cina, Turchia, Brasile, Argentina, Cile e Unione Europea.<\/p>\n<p>All&#8217;ingresso dell&#8217;hotel, i partecipanti sono stati accolti dall&#8217;esposizione di uno degli ultimi modelli Ducati, icona del design e dell&#8217;ingegneria italiana. L&#8217;allestimento \u00e8 stato curato dall&#8217;azienda Escobar, mentre il buffet \u00e8 stato preparato dallo chef Cosimo Urso. Gli spazi dedicati ai marchi Aperol e Barcel\u00f2 hanno registrato un&#8217;ottima affluenza, cos\u00ec come la quarta edizione della mostra d&#8217;arte contemporanea &#8220;Caribe en Residencia&#8221;, le cui opere rimarranno esposte per un anno presso la Residenza di Italia.<\/p>\n<p>Le celebrazioni sono state rese possibili grazie al generoso supporto di diversi sponsor vicini alla comunit\u00e0 italiana. Tra questi, spiccano: Acea International, Alma Viva, Altus Motors, Banco de Reservas, Campagna Ricart &amp; Asociados, St. Regis Cap Cana, Domicem SA, Dussich Services SRL, El Catador, Grupo Bocel, Grupo Carol SAS, Grupo Punta Cana, GRX Dominicana, IBC Shipyard, Fundaci\u00f3n Inicia, Isla de Sabores, Santo Domingo Motors Company SA, Viva International SA, Inversiones Ocho Rios, Alvarez Sanchez, Barcel\u00f2 e Multiquimica.<\/p>\n<\/div>\n","protected":false},"excerpt":{"rendered":"L&#8217;Ambasciata d&#8217;Italia nella Repubblica Dominicana ha celebrato il 79\u00b0 anniversario della proclamazione della Repubblica Italiana con un ricevimento di gala presso il Kimpton Hotel &#8211; Las Mercedes, situato nel cuore della Citt\u00e0 Coloniale della capitale Santo Domingo. All&#8217;evento hanno partecipato il Ministro degli Affari Esteri Roberto \u00c1lvarez, e i vice ministri degli Affari Esteri Francisco [&hellip;]","protected":false},"author":8,"featured_media":4830,"comment_status":"closed","ping_status":"closed","sticky":false,"template":"","format":"standard","meta":{"footnotes":""},"tags":[],"class_list":["post-4827","post","type-post","status-publish","format-standard","has-post-thumbnail","hentry"],"_links":{"self":[{"href":"https:\/\/ambsantodomingo.esteri.it\/it\/wp-json\/wp\/v2\/posts\/4827","targetHints":{"allow":["GET"]}}],"collection":[{"href":"https:\/\/ambsantodomingo.esteri.it\/it\/wp-json\/wp\/v2\/posts"}],"about":[{"href":"https:\/\/ambsantodomingo.esteri.it\/it\/wp-json\/wp\/v2\/types\/post"}],"author":[{"embeddable":true,"href":"https:\/\/ambsantodomingo.esteri.it\/it\/wp-json\/wp\/v2\/users\/8"}],"replies":[{"embeddable":true,"href":"https:\/\/ambsantodomingo.esteri.it\/it\/wp-json\/wp\/v2\/comments?post=4827"}],"version-history":[{"count":1,"href":"https:\/\/ambsantodomingo.esteri.it\/it\/wp-json\/wp\/v2\/posts\/4827\/revisions"}],"predecessor-version":[{"id":4831,"href":"https:\/\/ambsantodomingo.esteri.it\/it\/wp-json\/wp\/v2\/posts\/4827\/revisions\/4831"}],"wp:featuredmedia":[{"embeddable":true,"href":"https:\/\/ambsantodomingo.esteri.it\/it\/wp-json\/wp\/v2\/media\/4830"}],"wp:attachment":[{"href":"https:\/\/ambsantodomingo.esteri.it\/it\/wp-json\/wp\/v2\/media?parent=4827"}],"wp:term":[{"taxonomy":"post_tag","embeddable":true,"href":"https:\/\/ambsantodomingo.esteri.it\/it\/wp-json\/wp\/v2\/tags?post=4827"}],"curies":[{"name":"wp","href":"https:\/\/api.w.org\/{rel}","templated":true}]}}