{"id":4921,"date":"2025-07-11T12:52:57","date_gmt":"2025-07-11T16:52:57","guid":{"rendered":"https:\/\/ambsantodomingo.esteri.it\/?p=4921"},"modified":"2025-07-11T12:52:57","modified_gmt":"2025-07-11T16:52:57","slug":"ricevimento-di-fine-mandato-in-residenza-per-lesperto-per-la-sicurezza-dellambasciata-ditalia","status":"publish","type":"post","link":"https:\/\/ambsantodomingo.esteri.it\/it\/news\/dall_ambasciata\/2025\/07\/ricevimento-di-fine-mandato-in-residenza-per-lesperto-per-la-sicurezza-dellambasciata-ditalia\/","title":{"rendered":"RICEVIMENTO DI FINE MANDATO IN RESIDENZA PER L\u2019ESPERTO PER LA SICUREZZA DELL\u2019AMBASCIATA D\u2019ITALIA"},"content":{"rendered":"<p>Santo Domingo \u2013 Lo scorso 9 luglio 2025 l\u2019Ambasciata d\u2019Italia ha organizzato, presso l\u2019area sociale della Residenza, un ricevimento in occasione del termine del mandato dell\u2019Esperto alla Sicurezza dell\u2019Ambasciata, il Colonnello dei Carabinieri Andrea Azzolini.<\/p>\n<p>L\u2019evento di saluto del Col. Azzolini, ha riunito un vasto numero di autorit\u00e0 e personalit\u00e0 nel settore della Difesa e della Sicurezza della Repubblica Dominicana, che hanno voluto esprimere il proprio apprezzamento per la collaborazione con l\u2019Esperto alla Sicurezza, durante i 6 anni del suo mandato in questo Paese.<\/p>\n<p>Tra gli oltre 100 ospiti erano infatti presenti la Procuratrice Generale Yeni Berenice Reynoso, il Vice Ministro della Difesa per gli Affari Aerei e Spaziali, Maggiore Generale Carlos Febrillet Rodriguez, il Vice Ministro della Difesa per gli Affari Navali e Costieri, Vice Ammiraglio Ram\u00f3n Gustavo Betances Hern\u00e1ndez, il Comandante Generale della Forza Aerea, Floreal Su\u00e1rez Mart\u00ednez, il Presidente della Direzione Nazionale Antidroga (DNCD), Vice Ammiraglio Jos\u00e9 Manuel Cabrera Ulloa, il Direttore Generale della Polizia Nazionale, Ramon Antonio Guzm\u00e1n Peralta, il Direttore della Polizia turistica, Minoru Matsunaga. Presenti anche l\u2019Ambasciatrice dell\u2019Unione Europea, Katja Afheldt, il Rappresentante INTERPOL e gli Attach\u00e9 di vari Paesi tra cui Francia, Canada e Stati Uniti.<\/p>\n<p>L\u2019Ambasciatore Queirolo Palmas e le Autorit\u00e0 presenti hanno rimarcato l\u2019elevato valore della cooperazione tra Italia e Repubblica Dominicana nel settore della sicurezza &#8211; impegno che assume sempre pi\u00f9 una natura transnazionale e regionale &#8211; elogiando il lavoro svolto dal Col. Azzolini. In particolare sono state ricordate le ben 35 catture e le 32 estradizioni di criminali verso l\u2019Italia realizzate nel corso del suo mandato.<\/p>\n","protected":false},"excerpt":{"rendered":"Santo Domingo \u2013 Lo scorso 9 luglio 2025 l\u2019Ambasciata d\u2019Italia ha organizzato, presso l\u2019area sociale della Residenza, un ricevimento in occasione del termine del mandato dell\u2019Esperto alla Sicurezza dell\u2019Ambasciata, il Colonnello dei Carabinieri Andrea Azzolini. L\u2019evento di saluto del Col. Azzolini, ha riunito un vasto numero di autorit\u00e0 e personalit\u00e0 nel settore della Difesa e [&hellip;]","protected":false},"author":8,"featured_media":0,"comment_status":"closed","ping_status":"closed","sticky":false,"template":"","format":"standard","meta":{"footnotes":""},"tags":[],"class_list":["post-4921","post","type-post","status-publish","format-standard","hentry"],"_links":{"self":[{"href":"https:\/\/ambsantodomingo.esteri.it\/it\/wp-json\/wp\/v2\/posts\/4921","targetHints":{"allow":["GET"]}}],"collection":[{"href":"https:\/\/ambsantodomingo.esteri.it\/it\/wp-json\/wp\/v2\/posts"}],"about":[{"href":"https:\/\/ambsantodomingo.esteri.it\/it\/wp-json\/wp\/v2\/types\/post"}],"author":[{"embeddable":true,"href":"https:\/\/ambsantodomingo.esteri.it\/it\/wp-json\/wp\/v2\/users\/8"}],"replies":[{"embeddable":true,"href":"https:\/\/ambsantodomingo.esteri.it\/it\/wp-json\/wp\/v2\/comments?post=4921"}],"version-history":[{"count":1,"href":"https:\/\/ambsantodomingo.esteri.it\/it\/wp-json\/wp\/v2\/posts\/4921\/revisions"}],"predecessor-version":[{"id":4922,"href":"https:\/\/ambsantodomingo.esteri.it\/it\/wp-json\/wp\/v2\/posts\/4921\/revisions\/4922"}],"wp:attachment":[{"href":"https:\/\/ambsantodomingo.esteri.it\/it\/wp-json\/wp\/v2\/media?parent=4921"}],"wp:term":[{"taxonomy":"post_tag","embeddable":true,"href":"https:\/\/ambsantodomingo.esteri.it\/it\/wp-json\/wp\/v2\/tags?post=4921"}],"curies":[{"name":"wp","href":"https:\/\/api.w.org\/{rel}","templated":true}]}}