{"id":5424,"date":"2025-12-04T13:25:21","date_gmt":"2025-12-04T17:25:21","guid":{"rendered":"https:\/\/ambsantodomingo.esteri.it\/?p=5424"},"modified":"2025-12-04T13:27:54","modified_gmt":"2025-12-04T17:27:54","slug":"5424","status":"publish","type":"post","link":"https:\/\/ambsantodomingo.esteri.it\/it\/news\/dall_ambasciata\/2025\/12\/5424\/","title":{"rendered":"Al via la decima Settimana della Cucina Italiana in Dominicana. Aderiscono all&#8217;iniziativa anche ristoratori e supermercati."},"content":{"rendered":"<p>\u00c9stata inaugurata luned\u00ec a Santo Domingo la decima edizione della Settimana della Cucina Italiana nel Mondo, una rassegna di eventi organizzata dall&#8217;ambasciata d&#8217;Italia in Repubblica Dominicana per promuovere la tradizione gastronomica italiana.<\/p>\n<p>L&#8217;iniziativa celebra quest&#8217;anno il tema &#8216;Cucina italiana tra salute, cultura e innovazione&#8217;, in un contesto favorevole, grazie alla presenza in Repubblica Dominicana di numerosi ristoranti italiani e di un mercato ricettivo, anche grazie alla forte presenza di nostri turisti nel Paese.<\/p>\n<p>Le attivit\u00e0 promosse dall&#8217;ambasciata sono realizzate in collaborazione con la Camera di Commercio Dominico-Italiana e con l&#8217;Ufficio Ice di Citt\u00e0 del Messico.<\/p>\n<p>Grazie a un avviso pubblico, i ristoratori locali hanno potuto aderire all&#8217;iniziativa contribuendo a diffondere il tema dell&#8217;edizione attraverso menu speciali, eventi dedicati e attivit\u00e0 di comunicazione coordinate con l&#8217;Ambasciata, valorizzando la cucina italiana come modello alimentare sano, equilibrato e sostenibile.<\/p>\n<p>Grazie al sostegno dell&#8217;Ufficio ICE di Citt\u00e0 del Messico, il 3 dicembre si terr\u00e0 una cena di gala durante la quale sar\u00e0 presentato il volume &#8216;Italia, patrimonio culinario mediterraneo&#8217;.<\/p>\n<p>La pubblicazione, rivolta ai rappresentanti delle principali catene della Grande Distribuzione Organizzata (Gdo, illustra le peculiarit\u00e0 delle produzioni enogastronomiche italiane a denominazione protetta, raccontando la storia dei territori e l&#8217;evoluzione dei prodotti simbolo della nostra tradizione. Il volume include inoltre un repertorio di contatti dei consorzi di tutela delle eccellenze italiane, offrendo strumenti per favorire nuove opportunit\u00e0 commerciali.<\/p>\n<p>Altro momento di rilievo sar\u00e0 l&#8217;evento organizzato il 4 dicembre in collaborazione con la Camera di Commercio Dominico-Italiana e la catena di supermercati di alta gamma Supermercados Nacional, dedicato alla campagna &#8216;La Navidad nos une con Italia&#8217;.<\/p>\n<p>L&#8217;iniziativa, in corso dal 7 novembre al 31 dicembre, promuove i prodotti italiani nei punti vendita della catena attraverso spazi espositivi dedicati e campagne di comunicazione.<\/p>\n<p>Nel corso dell&#8217;evento del 4 dicembre, all&#8217;interno di uno dei principali supermercati del gruppo, sono previsti cooking show dal vivo, degustazioni di vini e uno spettacolo musicale per celebrare la cultura italiana in Repubblica Dominicana e rafforzare il legame tra i due Paesi.<\/p>\n<p>(Ansa)<\/p>\n","protected":false},"excerpt":{"rendered":"\u00c9stata inaugurata luned\u00ec a Santo Domingo la decima edizione della Settimana della Cucina Italiana nel Mondo, una rassegna di eventi organizzata dall&#8217;ambasciata d&#8217;Italia in Repubblica Dominicana per promuovere la tradizione gastronomica italiana. L&#8217;iniziativa celebra quest&#8217;anno il tema &#8216;Cucina italiana tra salute, cultura e innovazione&#8217;, in un contesto favorevole, grazie alla presenza in Repubblica Dominicana di [&hellip;]","protected":false},"author":8,"featured_media":5425,"comment_status":"closed","ping_status":"closed","sticky":false,"template":"","format":"standard","meta":{"footnotes":""},"tags":[],"class_list":["post-5424","post","type-post","status-publish","format-standard","has-post-thumbnail","hentry"],"_links":{"self":[{"href":"https:\/\/ambsantodomingo.esteri.it\/it\/wp-json\/wp\/v2\/posts\/5424","targetHints":{"allow":["GET"]}}],"collection":[{"href":"https:\/\/ambsantodomingo.esteri.it\/it\/wp-json\/wp\/v2\/posts"}],"about":[{"href":"https:\/\/ambsantodomingo.esteri.it\/it\/wp-json\/wp\/v2\/types\/post"}],"author":[{"embeddable":true,"href":"https:\/\/ambsantodomingo.esteri.it\/it\/wp-json\/wp\/v2\/users\/8"}],"replies":[{"embeddable":true,"href":"https:\/\/ambsantodomingo.esteri.it\/it\/wp-json\/wp\/v2\/comments?post=5424"}],"version-history":[{"count":2,"href":"https:\/\/ambsantodomingo.esteri.it\/it\/wp-json\/wp\/v2\/posts\/5424\/revisions"}],"predecessor-version":[{"id":5430,"href":"https:\/\/ambsantodomingo.esteri.it\/it\/wp-json\/wp\/v2\/posts\/5424\/revisions\/5430"}],"wp:featuredmedia":[{"embeddable":true,"href":"https:\/\/ambsantodomingo.esteri.it\/it\/wp-json\/wp\/v2\/media\/5425"}],"wp:attachment":[{"href":"https:\/\/ambsantodomingo.esteri.it\/it\/wp-json\/wp\/v2\/media?parent=5424"}],"wp:term":[{"taxonomy":"post_tag","embeddable":true,"href":"https:\/\/ambsantodomingo.esteri.it\/it\/wp-json\/wp\/v2\/tags?post=5424"}],"curies":[{"name":"wp","href":"https:\/\/api.w.org\/{rel}","templated":true}]}}