{"id":5671,"date":"2026-01-21T08:55:46","date_gmt":"2026-01-21T12:55:46","guid":{"rendered":"https:\/\/ambsantodomingo.esteri.it\/?p=5671"},"modified":"2026-01-21T08:55:46","modified_gmt":"2026-01-21T12:55:46","slug":"inaugurazione-della-nuova-sede-del-vice-consolato-onorario-di-santiago-e-conferimento-dellordine-della-stella-ditalia-ad-arquimedes-cabrera","status":"publish","type":"post","link":"https:\/\/ambsantodomingo.esteri.it\/it\/news\/dall_ambasciata\/2026\/01\/inaugurazione-della-nuova-sede-del-vice-consolato-onorario-di-santiago-e-conferimento-dellordine-della-stella-ditalia-ad-arquimedes-cabrera\/","title":{"rendered":"Inaugurazione della nuova sede del Vice Consolato Onorario di Santiago e conferimento dell\u2019Ordine della Stella d\u2019Italia ad Arquimedes Cabrera"},"content":{"rendered":"<p>Il 17 gennaio si \u00e8 svolta a Santiago de los Caballeros, seconda citt\u00e0 del Paese, una visita istituzionale dell\u2019Ambasciata d\u2019Italia, con una delegazione guidata dall\u2019Ambasciatore Stefano Queirolo Palmas, in occasione dell\u2019inaugurazione dei nuovi locali del \u00a0Vice Consolato Onorario. La sede \u00e8 stata generosamente messa a disposizione dall\u2019imprenditore Arquimedes Cabrera e dalla moglie Ana Antonia Vidal Russo.<\/p>\n<p>All\u2019evento hanno partecipato la Governatrice della Provincia di Santiago, Rosa Santos M\u00e9ndez, il Sindaco Jos\u00e9 Ulises Rodr\u00edguez Guzm\u00e1n e l\u2019Arcivescovo Monsignor H\u00e9ctor Rafael Rodr\u00edguez, a testimonianza della rilevanza istituzionale dell\u2019iniziativa e del forte legame tra la comunit\u00e0 locale e l\u2019Italia.<\/p>\n<p>I nuovi spazi del Vice Consolato Onorario consentiranno di rafforzare la presenza e la proiezione dell\u2019Italia nel territorio di Santiago de los Caballeros, tradizionale polo economico della Repubblica Dominicana, la cui provincia contribuisce oggi per circa il 14% al PIL nazionale.<\/p>\n<p>A seguire, si \u00e8 tenuta la cerimonia di conferimento dell\u2019onorificenza dell\u2019<strong>Ordine della Stella d\u2019Italia<\/strong>, con il grado di <strong>Commendatore<\/strong>, ad Arquimedes Cabrera, alla presenza delle autorit\u00e0 locali. Il riconoscimento \u00e8 stato attribuito non solo per la sua consolidata vicinanza all\u2019Italia \u2014 da ultimo, con la disponibilit\u00e0 della nuova sede del Vice Consolato \u2014 ma soprattutto per il suo costante impegno sociale a beneficio del territorio.<\/p>\n<p>La giornata ha incluso una visita della delegazione dell\u2019Ambasciata agli stabilimenti del <strong>Gruppo Bocel<\/strong>, della famiglia Cabrera Vidal. Il Gruppo riunisce diversi marchi di farina, prodotti alimentari e pasta, ed \u00e8 una delle realt\u00e0 industriali pi\u00f9 rilevanti del settore nei Caraibi e in America Centrale. In particolare, la produzione di pasta impiega esclusivamente macchinari italiani ed \u00e8 attualmente in corso un ampliamento con l\u2019installazione di una seconda linea, che porter\u00e0 la capacit\u00e0 produttiva a regime a <strong>12.000 chilogrammi di pasta\/ora<\/strong>.<\/p>\n","protected":false},"excerpt":{"rendered":"Il 17 gennaio si \u00e8 svolta a Santiago de los Caballeros, seconda citt\u00e0 del Paese, una visita istituzionale dell\u2019Ambasciata d\u2019Italia, con una delegazione guidata dall\u2019Ambasciatore Stefano Queirolo Palmas, in occasione dell\u2019inaugurazione dei nuovi locali del \u00a0Vice Consolato Onorario. La sede \u00e8 stata generosamente messa a disposizione dall\u2019imprenditore Arquimedes Cabrera e dalla moglie Ana Antonia Vidal [&hellip;]","protected":false},"author":8,"featured_media":5672,"comment_status":"closed","ping_status":"closed","sticky":false,"template":"","format":"standard","meta":{"footnotes":""},"tags":[],"class_list":["post-5671","post","type-post","status-publish","format-standard","has-post-thumbnail","hentry"],"_links":{"self":[{"href":"https:\/\/ambsantodomingo.esteri.it\/it\/wp-json\/wp\/v2\/posts\/5671","targetHints":{"allow":["GET"]}}],"collection":[{"href":"https:\/\/ambsantodomingo.esteri.it\/it\/wp-json\/wp\/v2\/posts"}],"about":[{"href":"https:\/\/ambsantodomingo.esteri.it\/it\/wp-json\/wp\/v2\/types\/post"}],"author":[{"embeddable":true,"href":"https:\/\/ambsantodomingo.esteri.it\/it\/wp-json\/wp\/v2\/users\/8"}],"replies":[{"embeddable":true,"href":"https:\/\/ambsantodomingo.esteri.it\/it\/wp-json\/wp\/v2\/comments?post=5671"}],"version-history":[{"count":1,"href":"https:\/\/ambsantodomingo.esteri.it\/it\/wp-json\/wp\/v2\/posts\/5671\/revisions"}],"predecessor-version":[{"id":5680,"href":"https:\/\/ambsantodomingo.esteri.it\/it\/wp-json\/wp\/v2\/posts\/5671\/revisions\/5680"}],"wp:featuredmedia":[{"embeddable":true,"href":"https:\/\/ambsantodomingo.esteri.it\/it\/wp-json\/wp\/v2\/media\/5672"}],"wp:attachment":[{"href":"https:\/\/ambsantodomingo.esteri.it\/it\/wp-json\/wp\/v2\/media?parent=5671"}],"wp:term":[{"taxonomy":"post_tag","embeddable":true,"href":"https:\/\/ambsantodomingo.esteri.it\/it\/wp-json\/wp\/v2\/tags?post=5671"}],"curies":[{"name":"wp","href":"https:\/\/api.w.org\/{rel}","templated":true}]}}