{"id":5879,"date":"2026-03-11T13:53:48","date_gmt":"2026-03-11T17:53:48","guid":{"rendered":"https:\/\/ambsantodomingo.esteri.it\/?p=5879"},"modified":"2026-03-12T09:29:18","modified_gmt":"2026-03-12T13:29:18","slug":"giornata-del-design-italiano-dedicata-alla-rigenerazione-urbana","status":"publish","type":"post","link":"https:\/\/ambsantodomingo.esteri.it\/it\/news\/dall_ambasciata\/2026\/03\/giornata-del-design-italiano-dedicata-alla-rigenerazione-urbana\/","title":{"rendered":"Giornata del Design Italiano dedicata alla &#8216;rigenerazione urbana&#8217;"},"content":{"rendered":"<p>\u00c8 stata inaugurata presso la Universidad Central del Este (Uce) la mostra &#8220;Citt\u00e0 in Scena.\u00a0Rigenerazione urbana: il percorso italiano verso un futuro sostenibile&#8221;, promossa dall&#8217;ambasciata d&#8217;Italia nella Repubblica Dominicana in occasione della decima edizione della Giornata del Design Italiano nel Mondo.<br \/>\nL&#8217;iniziativa apre un programma espositivo itinerante che nei prossimi mesi coinvolger\u00e0 dieci universit\u00e0 dominicane, con tappe a San Pedro de Macor\u00eds, Santo Domingo, Santiago de La Vega, con l&#8217;obiettivo di promuovere il dialogo accademico e culturale sul tema della rigenerazione urbana e di un design sostenibile che mette al centro l&#8217;uomo, in linea con la tradizionale visione umanistica italiana.<br \/>\nAll&#8217;evento inaugurale hanno partecipato numerose autorit\u00e0 accademiche e istituzionali. Tra gli interventi principali quelli del Rettore della UCE, Jos\u00e9 Altagracia Hazim Torres, dell&#8217;Ambasciatore d&#8217;Italia nella Repubblica Dominicana, Sergio Maffettone, e del Vice Ministro del Patrimonio Culturale del Ministero della Cultura, Gamal Michelen Stefan.<\/p>\n<p>Presente anche la Presidente del Comites, Licia Colombo, e il Console Onorario di La Romana, Diego Fernandez, insieme a rappresentanti delle istituzioni locali, dei principali Atenei e della Unione delle Scuole e Facolt\u00e0 di Architettura della Repubblica Dominicana (EFA-RD).<\/p>\n<p>Nel corso della cerimonia, il Decano della Facolt\u00e0 di Architettura e Arti della UCE, Francesco Gravina, ha presentato i contenuti della mostra e ripercorso la traiettoria della collaborazione tra la UCE e l&#8217;Ambasciata d&#8217;Italia, che negli ultimi anni ha portato alla realizzazione di cinque edizioni della Giornata del Design Italiano nel Mondo presso l&#8217;ateneo.<br \/>\nGrazie a questa cooperazione accademica e culturale, oltre 650 studenti hanno partecipato a corsi di lingua italiana e diversi di loro hanno avuto l&#8217;opportunit\u00e0 di studiare in universit\u00e0 italiane, tra cui Firenze e Pescara, mentre nuovi programmi di scambio sono in fase di sviluppo con le universit\u00e0 di Salerno e Cagliari.<\/p>\n<p>La mostra &#8220;Citt\u00e0 in Scena&#8221; presenta una selezione di progetti di rigenerazione urbana realizzati in Italia, mettendo in evidenza il ruolo della progettazione architettonica, dell&#8217;innovazione tecnologica e delle politiche urbane nella trasformazione sostenibile delle citt\u00e0. Il percorso espositivo nasce dall&#8217;esperienza del Festival Citt\u00e0 in Scena, che ha raccolto oltre 130 progetti di riqualificazione urbana sviluppati negli ultimi anni in diverse citt\u00e0 italiane, offrendo esempi di recupero di spazi urbani, rigenerazione di aree periferiche e valorizzazione del patrimonio architettonico. (ANSA)<\/p>\n<p>&nbsp;<\/p>\n","protected":false},"excerpt":{"rendered":"\u00c8 stata inaugurata presso la Universidad Central del Este (Uce) la mostra &#8220;Citt\u00e0 in Scena.\u00a0Rigenerazione urbana: il percorso italiano verso un futuro sostenibile&#8221;, promossa dall&#8217;ambasciata d&#8217;Italia nella Repubblica Dominicana in occasione della decima edizione della Giornata del Design Italiano nel Mondo. L&#8217;iniziativa apre un programma espositivo itinerante che nei prossimi mesi coinvolger\u00e0 dieci universit\u00e0 dominicane, [&hellip;]","protected":false},"author":8,"featured_media":5882,"comment_status":"closed","ping_status":"closed","sticky":false,"template":"","format":"standard","meta":{"footnotes":""},"tags":[],"class_list":["post-5879","post","type-post","status-publish","format-standard","has-post-thumbnail","hentry"],"_links":{"self":[{"href":"https:\/\/ambsantodomingo.esteri.it\/it\/wp-json\/wp\/v2\/posts\/5879","targetHints":{"allow":["GET"]}}],"collection":[{"href":"https:\/\/ambsantodomingo.esteri.it\/it\/wp-json\/wp\/v2\/posts"}],"about":[{"href":"https:\/\/ambsantodomingo.esteri.it\/it\/wp-json\/wp\/v2\/types\/post"}],"author":[{"embeddable":true,"href":"https:\/\/ambsantodomingo.esteri.it\/it\/wp-json\/wp\/v2\/users\/8"}],"replies":[{"embeddable":true,"href":"https:\/\/ambsantodomingo.esteri.it\/it\/wp-json\/wp\/v2\/comments?post=5879"}],"version-history":[{"count":1,"href":"https:\/\/ambsantodomingo.esteri.it\/it\/wp-json\/wp\/v2\/posts\/5879\/revisions"}],"predecessor-version":[{"id":5885,"href":"https:\/\/ambsantodomingo.esteri.it\/it\/wp-json\/wp\/v2\/posts\/5879\/revisions\/5885"}],"wp:featuredmedia":[{"embeddable":true,"href":"https:\/\/ambsantodomingo.esteri.it\/it\/wp-json\/wp\/v2\/media\/5882"}],"wp:attachment":[{"href":"https:\/\/ambsantodomingo.esteri.it\/it\/wp-json\/wp\/v2\/media?parent=5879"}],"wp:term":[{"taxonomy":"post_tag","embeddable":true,"href":"https:\/\/ambsantodomingo.esteri.it\/it\/wp-json\/wp\/v2\/tags?post=5879"}],"curies":[{"name":"wp","href":"https:\/\/api.w.org\/{rel}","templated":true}]}}