{"id":975,"date":"2023-07-10T17:10:35","date_gmt":"2023-07-10T21:10:35","guid":{"rendered":"https:\/\/ambsantodomingo.esteri.it\/news\/dall_ambasciata\/2023\/07\/un-sabato-all-italiana-santiago\/"},"modified":"2023-07-10T17:10:35","modified_gmt":"2023-07-10T21:10:35","slug":"un-sabato-all-italiana-santiago","status":"publish","type":"post","link":"https:\/\/ambsantodomingo.esteri.it\/it\/news\/dall_ambasciata\/2023\/07\/un-sabato-all-italiana-santiago\/","title":{"rendered":"Un Sabato all\u2019italiana \u2013 Santiago, 24 giugno 2023"},"content":{"rendered":"<p>Il 24 di giugno scorso, in occasione delle celebrazioni della Festa della Repubblica Italiana e dei 125 anni delle relazioni diplomatiche fra Italia e Repubblica Dominicana, l\u2019Ambasciata d\u2019Italia e il Vice Consolato Onorario di Santiago hanno organizzato. nel \u201cParque Central\u201d di Santiago De Los Caballeros. la \u201cFesta Italiana.\u201d La \u201cFesta Italiana\u201d \u00e8 stata un evento che ha trasformato il \u201cParque Central\u201d di Santiago De Los Caballeros in un piccolo pezzo d&#8217;Italia, decorato con bandiere italiane, ghirlande colorate e ornamenti tipici. La musica tradizionale italiana risuonava in tutto il luogo, creando un&#8217;atmosfera vivace e festosa. Una parte importante della Festa Italiana \u00e8 stata la fiera, dove sono state installate numerose bancarelle e attrazioni come castelli gonfiabili, che hanno intrattenuto i pi\u00f9 piccoli durante l&#8217;evento. La &#8220;Festa Italiana&#8221; ha attratto un pubblico entusiasta che ha goduto di un ambiente accogliente e autentico che evocava l&#8217;essenza stessa dell&#8217;Italia e ha offerto ai visitatori esibizioni di musica tradizionale italiana su un palco principale, mentre chef esperti hanno preparato i piatti pi\u00f9 iconici della cucina italiana. Inoltre produttori e importatori hanno fatto conoscere ai partecipanti una gran variet\u00e0 di prodotti italiani presenti nella Repubblica Dominicana. La &#8220;Festa Italiana&#8221; \u00e8 stata un successo clamoroso, offrendo ai partecipanti un&#8217;esperienza immersiva nella cultura italiana. Dall&#8217;ambientazione e la musica in vivo all&#8217;ampia variet\u00e0 di cibo italiano, l&#8217;evento ha catturato l&#8217;essenza e il fascino dell&#8217;Italia. I visitatori hanno mostrato il loro grande apprezzamento per la cultura italiana e hanno espresso il desiderio di rivivere questo evento in occasioni future. La &#8220;Festa Italiana&#8221; ha lasciato un segno duraturo nella comunit\u00e0, rafforzando i legami culturali e l&#8217;amore per l&#8217;Italia.<\/p>\n","protected":false},"excerpt":{"rendered":"Il 24 di giugno scorso, in occasione delle celebrazioni della Festa della Repubblica Italiana e dei 125 anni delle relazioni diplomatiche fra Italia e Repubblica Dominicana, l\u2019Ambasciata d\u2019Italia e il Vice Consolato Onorario di Santiago hanno organizzato. nel \u201cParque Central\u201d di Santiago De Los Caballeros. la \u201cFesta Italiana.\u201d La \u201cFesta Italiana\u201d \u00e8 stata un evento [&hellip;]","protected":false},"author":1,"featured_media":0,"comment_status":"","ping_status":"","sticky":false,"template":"","format":"standard","meta":{"footnotes":""},"tags":[],"class_list":["post-975","post","type-post","status-publish","format-standard","hentry"],"_links":{"self":[{"href":"https:\/\/ambsantodomingo.esteri.it\/it\/wp-json\/wp\/v2\/posts\/975","targetHints":{"allow":["GET"]}}],"collection":[{"href":"https:\/\/ambsantodomingo.esteri.it\/it\/wp-json\/wp\/v2\/posts"}],"about":[{"href":"https:\/\/ambsantodomingo.esteri.it\/it\/wp-json\/wp\/v2\/types\/post"}],"author":[{"embeddable":true,"href":"https:\/\/ambsantodomingo.esteri.it\/it\/wp-json\/wp\/v2\/users\/1"}],"replies":[{"embeddable":true,"href":"https:\/\/ambsantodomingo.esteri.it\/it\/wp-json\/wp\/v2\/comments?post=975"}],"version-history":[{"count":0,"href":"https:\/\/ambsantodomingo.esteri.it\/it\/wp-json\/wp\/v2\/posts\/975\/revisions"}],"wp:attachment":[{"href":"https:\/\/ambsantodomingo.esteri.it\/it\/wp-json\/wp\/v2\/media?parent=975"}],"wp:term":[{"taxonomy":"post_tag","embeddable":true,"href":"https:\/\/ambsantodomingo.esteri.it\/it\/wp-json\/wp\/v2\/tags?post=975"}],"curies":[{"name":"wp","href":"https:\/\/api.w.org\/{rel}","templated":true}]}}