{"id":987,"date":"2023-05-29T18:36:11","date_gmt":"2023-05-29T22:36:11","guid":{"rendered":"https:\/\/ambsantodomingo.esteri.it\/news\/dall_ambasciata\/2023\/05\/santo-domingo-a-casa-italia-la\/"},"modified":"2023-05-29T18:36:11","modified_gmt":"2023-05-29T22:36:11","slug":"santo-domingo-a-casa-italia-la","status":"publish","type":"post","link":"https:\/\/ambsantodomingo.esteri.it\/it\/news\/dall_ambasciata\/2023\/05\/santo-domingo-a-casa-italia-la\/","title":{"rendered":"SANTO DOMINGO, A CASA ITALIA LA MOSTRA &#8216;CARIBE EN RESIDENCIA&#8217;"},"content":{"rendered":"<p>(ANSA) &#8211; SANTO DOMINGO, 26 MAG &#8211; L&#8217;Ambasciata d&#8217;Italia a Santo Domingo, in collaborazione con la curatrice, Iris Perez, ha esposto a Casa d&#8217;Italia, nel cuore della citt\u00e0 vecchia Zona Colonial, patrimonio dell&#8217;Unesco, la mostra di arte contemporanea &#8216;Caribe en Residencia&#8217;. All&#8217;evento, riferisce un comunicato, &#8220;erano presenti rappresentanti del ministero degli Esteri dominicano, membri del corpo diplomatico ed esponenti della comunit\u00e0 italiana e del mondo culturale&#8221;. La mostra, si sottolinea, &#8220;\u00e8 ispirata all&#8217;esperienza di &#8216;Collezione Farnesina&#8217;, il programma di diplomazia culturale ideato dall&#8217;ambasciatore Umberto Vattani che ha, negli anni, trasformato il ministero degli Esteri italiano in un grande museo di arte moderna e contemporanea&#8221;. Analogamente si \u00e8 proceduto a Santo Domingo, dove l&#8217;arredamento della residenza dell&#8217;ambasciatore Queirolo Palmas &#8220;\u00e8 stato arricchito da un prestito di opere di famosi artisti locali, ispirate a temi europei e mediterranei, creando cos\u00ec un naturale ponte di comunicazione e di dialogo fra le due regioni&#8221;. La mostra rimarr\u00e0 aperta in Casa d&#8217;Italia sino al 15 giugno, mentre la nuova collezione, &#8216;Caribe en Residencia 2&#8217;, sar\u00e0 esposta in occasione del ricevimento del 2 giugno per le autorit\u00e0 e corpo diplomatico, per poi confluire nella residenza d&#8217;Italia sino alla prossima festa nazionale. (ANSA). SANTO DOMINGO SAL 2023-05-26 17:15 XAI23146019274_SXA_QBXB<\/p>\n","protected":false},"excerpt":{"rendered":"(ANSA) &#8211; SANTO DOMINGO, 26 MAG &#8211; L&#8217;Ambasciata d&#8217;Italia a Santo Domingo, in collaborazione con la curatrice, Iris Perez, ha esposto a Casa d&#8217;Italia, nel cuore della citt\u00e0 vecchia Zona Colonial, patrimonio dell&#8217;Unesco, la mostra di arte contemporanea &#8216;Caribe en Residencia&#8217;. All&#8217;evento, riferisce un comunicato, &#8220;erano presenti rappresentanti del ministero degli Esteri dominicano, membri del [&hellip;]","protected":false},"author":1,"featured_media":0,"comment_status":"","ping_status":"","sticky":false,"template":"","format":"standard","meta":{"footnotes":""},"tags":[],"class_list":["post-987","post","type-post","status-publish","format-standard","hentry"],"_links":{"self":[{"href":"https:\/\/ambsantodomingo.esteri.it\/it\/wp-json\/wp\/v2\/posts\/987","targetHints":{"allow":["GET"]}}],"collection":[{"href":"https:\/\/ambsantodomingo.esteri.it\/it\/wp-json\/wp\/v2\/posts"}],"about":[{"href":"https:\/\/ambsantodomingo.esteri.it\/it\/wp-json\/wp\/v2\/types\/post"}],"author":[{"embeddable":true,"href":"https:\/\/ambsantodomingo.esteri.it\/it\/wp-json\/wp\/v2\/users\/1"}],"replies":[{"embeddable":true,"href":"https:\/\/ambsantodomingo.esteri.it\/it\/wp-json\/wp\/v2\/comments?post=987"}],"version-history":[{"count":0,"href":"https:\/\/ambsantodomingo.esteri.it\/it\/wp-json\/wp\/v2\/posts\/987\/revisions"}],"wp:attachment":[{"href":"https:\/\/ambsantodomingo.esteri.it\/it\/wp-json\/wp\/v2\/media?parent=987"}],"wp:term":[{"taxonomy":"post_tag","embeddable":true,"href":"https:\/\/ambsantodomingo.esteri.it\/it\/wp-json\/wp\/v2\/tags?post=987"}],"curies":[{"name":"wp","href":"https:\/\/api.w.org\/{rel}","templated":true}]}}