{"id":992,"date":"2023-05-05T22:21:49","date_gmt":"2023-05-06T02:21:49","guid":{"rendered":"https:\/\/ambsantodomingo.esteri.it\/news\/dall_ambasciata\/2023\/05\/primo-maggio-e-sicurezza-sul-lavoro\/"},"modified":"2023-05-05T22:21:49","modified_gmt":"2023-05-06T02:21:49","slug":"primo-maggio-e-sicurezza-sul-lavoro","status":"publish","type":"post","link":"https:\/\/ambsantodomingo.esteri.it\/it\/news\/dall_ambasciata\/2023\/05\/primo-maggio-e-sicurezza-sul-lavoro\/","title":{"rendered":"Primo Maggio e sicurezza sul lavoro. Mattarella: &#8220;L&#8217;obiettivo sia quello di avere zero morti&#8221;"},"content":{"rendered":"<p>&#8220;Il lavoro \u00e8 strumento di progresso e affermazione delle persone, non un gioco d&#8217;azzardo potenzialmente letale&#8221;, ha detto il Presidente della Repubblica<\/p>\n<p>\u00a0<\/p>\n<p>Primo Maggio, celebrazione della Festa del lavoro con il presidente della Repubblica Mattarella.<\/p>\n<p>&#8220;La festa del lavoro \u00e8 festa per la Repubblica.<\/p>\n<p>Rappresenta motivo di riflessione e di impegno.<\/p>\n<p>Il primo articolo della Costituzione costituisce il fondamento su cui poggia l&#8217;architettura dei principi della nostra democrazia e della nostra civilt\u00e0. Al tempo stesso \u00e8 un pungolo, un senso di marcia, una sfida costante alle istituzioni, ai corpi sociali, alle forze produttive. Il lavoro \u00e8 misura di libert\u00e0, di dignit\u00e0, rappresenta il contributo alla comunit\u00e0. Il lavoro \u00e8 strumento di realizzazione di diritti sociali. \u00c8 motore di rimozione delle disuguaglianze&#8221;. Lo ha detto il presidente Sergio Mattarella in occasione del 1 maggio.<\/p>\n<p>La sicurezza sul lavoro e &#8220;l&#8217;integrit\u00e0 della persona e dei lavoratori \u00e8 parte essenziale del nostro patto costituzionale&#8221; e &#8220;vorremmo che intorno a questa necessit\u00e0 si mobilitasse il fronte pi\u00f9 ampio, un patto di alleanza tra istituzioni, societ\u00e0 civile, forze sociali ed economiche, per sottolineare con forza l&#8217;impegno a combattere un flagello che sconvolge la vita di troppe famiglie, rappresenta una umiliazione per il mondo delle imprese e una sconfitta per chi, producendo beni e servizi, vede la propria attivit\u00e0 sfigurata da queste morti&#8221;. Lo ha detto il presidente Sergio Mattarella parlando in occasione della festa del lavoro.<\/p>\n<p>&#8220;Venerd\u00ec mattina, in Friuli, ho sottolineato la inaccettabilit\u00e0, specie per i pi\u00f9 giovani, di dover associare la prospettiva del lavoro con la dimensione della morte. Vanno incentivate le esperienze e le buone pratiche che, come in quella Regione, si propongono la stipula di protocolli tra imprese e sindacati con l&#8217;obiettivo &#8220;Zero morti&#8221;, ha aggiunto Mattarella parlando al Quirinale.<\/p>\n<p>&#8220;Il lavoro \u00e8 strumento di progresso e affermazione delle persone, non un gioco d&#8217;azzardo potenzialmente letale. L&#8217;obiettivo di pi\u00f9 lavoro non pu\u00f2 tradursi in pi\u00f9 incidenti sul lavoro. Per questo occorre porre in essere uno sforzo eccezionale. L&#8217;impegno per la ripresa \u00e8, insieme, impegno per migliorare le condizioni produttive e per battere la tragedia delle morti sul lavoro&#8221;, ha detto il presidente della Repubblica.<\/p>\n<p>&#8220;La pandemia ha sconvolto questi ultimi due anni. Ha portato morte, sofferenza, paure. E ci ha fatto scoprire i valori della solidariet\u00e0, della responsabilit\u00e0, anche delle istituzioni a servizio del bene comune. Abbiamo dimostrato di saper affrontare la crisi. Analoga risolutezza occorre avere oggi di fronte al brusco stop alla ripresa economica indotto dall&#8217;aggressione della Russia. Scoraggiarci &#8211; ha contunuato Mattarella &#8211; per le prove che i tornanti della storia propongono sui diversi fronti, interno, dell&#8217;Unione Europea, internazionale, \u00e8 atteggiamento vacuo. Sterile&#8221;.<\/p>\n<p>&#8220;Una unit\u00e0 consapevole tra le forze sociali deve consentire al &#8220;Cantiere Italia&#8221; di realizzare gli obiettivi del PNRR, con un capitolo di relazioni sociali all&#8217;altezza di tempi moderni. Non \u00e8 tempo di slogan. Non sono consentite pause nell&#8217;impegno: \u00e8 indispensabile un dialogo consapevole e fruttuoso&#8221;, ha detto Mattarella.<\/p>\n<p>&#8220;La nuova &#8216;fabbrica&#8217; del Paese deve saper tenere insieme funzione sociale dell&#8217;impresa, innovazione e produttivit\u00e0, crescita dell&#8217;economia e occupazione, dignit\u00e0 del lavoro. Ci ha soccorso in questi anni la svolta che abbiamo concorso a realizzare nella Ue, che ha scelto di adottare politiche espansive come mai in passato. Ne \u00e8 emersa l&#8217;idea di un&#8217;Europa sempre pi\u00f9 credibile nel rappresentare l&#8217;ambito necessario della nostra rinnovata partecipazione alla dimensione globale e la chiave del nostro futuro. Perch\u00e9 il domani non aspetta, ha detto ancora il presidente Sergio Mattarella al Quirinale.<\/p>\n<p>&#8220;Sappiamo che sul terreno della condizione economica e sociale non mancano sfide come l&#8217;inflazione, indotta anzitutto dai rincari dell&#8217;energia e delle materie prime. Non possiamo permetterci di sbagliare: i due terzi della domanda dipendono in Italia dai consumi delle famiglie. A loro dobbiamo guardare&#8221;, ha detto Mattarella.<\/p>\n","protected":false},"excerpt":{"rendered":"&#8220;Il lavoro \u00e8 strumento di progresso e affermazione delle persone, non un gioco d&#8217;azzardo potenzialmente letale&#8221;, ha detto il Presidente della Repubblica \u00a0 Primo Maggio, celebrazione della Festa del lavoro con il presidente della Repubblica Mattarella. &#8220;La festa del lavoro \u00e8 festa per la Repubblica. Rappresenta motivo di riflessione e di impegno. Il primo articolo [&hellip;]","protected":false},"author":1,"featured_media":0,"comment_status":"","ping_status":"","sticky":false,"template":"","format":"standard","meta":{"footnotes":""},"tags":[],"class_list":["post-992","post","type-post","status-publish","format-standard","hentry"],"_links":{"self":[{"href":"https:\/\/ambsantodomingo.esteri.it\/it\/wp-json\/wp\/v2\/posts\/992","targetHints":{"allow":["GET"]}}],"collection":[{"href":"https:\/\/ambsantodomingo.esteri.it\/it\/wp-json\/wp\/v2\/posts"}],"about":[{"href":"https:\/\/ambsantodomingo.esteri.it\/it\/wp-json\/wp\/v2\/types\/post"}],"author":[{"embeddable":true,"href":"https:\/\/ambsantodomingo.esteri.it\/it\/wp-json\/wp\/v2\/users\/1"}],"replies":[{"embeddable":true,"href":"https:\/\/ambsantodomingo.esteri.it\/it\/wp-json\/wp\/v2\/comments?post=992"}],"version-history":[{"count":0,"href":"https:\/\/ambsantodomingo.esteri.it\/it\/wp-json\/wp\/v2\/posts\/992\/revisions"}],"wp:attachment":[{"href":"https:\/\/ambsantodomingo.esteri.it\/it\/wp-json\/wp\/v2\/media?parent=992"}],"wp:term":[{"taxonomy":"post_tag","embeddable":true,"href":"https:\/\/ambsantodomingo.esteri.it\/it\/wp-json\/wp\/v2\/tags?post=992"}],"curies":[{"name":"wp","href":"https:\/\/api.w.org\/{rel}","templated":true}]}}