{"id":995,"date":"2023-05-02T16:50:30","date_gmt":"2023-05-02T20:50:30","guid":{"rendered":"https:\/\/ambsantodomingo.esteri.it\/news\/dall_ambasciata\/2023\/05\/massolo-expo-a-roma-occasione-per\/"},"modified":"2023-05-02T16:50:30","modified_gmt":"2023-05-02T20:50:30","slug":"massolo-expo-a-roma-occasione-per","status":"publish","type":"post","link":"https:\/\/ambsantodomingo.esteri.it\/it\/news\/dall_ambasciata\/2023\/05\/massolo-expo-a-roma-occasione-per\/","title":{"rendered":"MASSOLO, EXPO A ROMA OCCASIONE PER SCAMBI DURATURI CON L&#8217;ITALIA"},"content":{"rendered":"<p>(ANSA) &#8211; ROMA, 02 MAG &#8211; &#8220;La nostra non \u00e8 una candidatura qualunque, ma \u00e8 una candidatura basata su accoglienza, pari dignit\u00e0 e collaborazioni durature. Significa venire a Roma alla fine di un percorso virtuoso, non un&#8217;operazione mordi e fuggi, ma un&#8217;occasione di legarsi in maniera stabile a un grande paese europeo, avere un accesso ad un grande mercato unico europeo&#8221;. Lo ha detto l&#8217;ambasciatore Giampiero Massolo, presidente del Comitato promotore di Roma Expo 2030, all&#8217;evento &#8220;Il 106esimo Giro d&#8217;Italia: vetrina per il saper fare italiano&#8221;, alla Farnesina. Massolo ha ricordato &#8220;la nostra capacit\u00e0 di fare grandi eventi, di mobilitare, e di dare a questi eventi una forte connotazione pubblico-privato&#8221;. E rivolgendosi agli ambasciatori presenti all&#8217;evento odierno, ha sottolineato: &#8220;Per voi Expo sar\u00e0 un&#8217;importante piattaforma di business duratura e non occasionale, inclusiva, rispettosa&#8221;. Expo per l&#8217;Italia vorr\u00e0 dire un Paese che &#8220;ogni volta si mette in gioco, \u00e8 promozione integrata di un Paese intero&#8221;. (ANSA). ROMA ML 2023-05-02 12:14 XAI23122018709_SXA_QBXB<\/p>\n","protected":false},"excerpt":{"rendered":"(ANSA) &#8211; ROMA, 02 MAG &#8211; &#8220;La nostra non \u00e8 una candidatura qualunque, ma \u00e8 una candidatura basata su accoglienza, pari dignit\u00e0 e collaborazioni durature. Significa venire a Roma alla fine di un percorso virtuoso, non un&#8217;operazione mordi e fuggi, ma un&#8217;occasione di legarsi in maniera stabile a un grande paese europeo, avere un accesso [&hellip;]","protected":false},"author":1,"featured_media":0,"comment_status":"","ping_status":"","sticky":false,"template":"","format":"standard","meta":{"footnotes":""},"tags":[],"class_list":["post-995","post","type-post","status-publish","format-standard","hentry"],"_links":{"self":[{"href":"https:\/\/ambsantodomingo.esteri.it\/it\/wp-json\/wp\/v2\/posts\/995","targetHints":{"allow":["GET"]}}],"collection":[{"href":"https:\/\/ambsantodomingo.esteri.it\/it\/wp-json\/wp\/v2\/posts"}],"about":[{"href":"https:\/\/ambsantodomingo.esteri.it\/it\/wp-json\/wp\/v2\/types\/post"}],"author":[{"embeddable":true,"href":"https:\/\/ambsantodomingo.esteri.it\/it\/wp-json\/wp\/v2\/users\/1"}],"replies":[{"embeddable":true,"href":"https:\/\/ambsantodomingo.esteri.it\/it\/wp-json\/wp\/v2\/comments?post=995"}],"version-history":[{"count":0,"href":"https:\/\/ambsantodomingo.esteri.it\/it\/wp-json\/wp\/v2\/posts\/995\/revisions"}],"wp:attachment":[{"href":"https:\/\/ambsantodomingo.esteri.it\/it\/wp-json\/wp\/v2\/media?parent=995"}],"wp:term":[{"taxonomy":"post_tag","embeddable":true,"href":"https:\/\/ambsantodomingo.esteri.it\/it\/wp-json\/wp\/v2\/tags?post=995"}],"curies":[{"name":"wp","href":"https:\/\/api.w.org\/{rel}","templated":true}]}}